{"id":5127,"date":"2017-05-24T16:31:36","date_gmt":"2017-05-24T14:31:36","guid":{"rendered":"https:\/\/youngcaritas.eu\/in-diesem-moment-erschufen-sie-respekt-pauls-changemaker-rede\/"},"modified":"2017-05-24T16:31:36","modified_gmt":"2017-05-24T14:31:36","slug":"in-diesem-moment-erschufen-sie-respekt-pauls-changemaker-rede","status":"publish","type":"post","link":"https:\/\/youngcaritas.eu\/de\/in-diesem-moment-erschufen-sie-respekt-pauls-changemaker-rede\/","title":{"rendered":"&#8220;In diesem Moment erschufen sie Respekt&#8221; &#8211; Pauls Changemaker Rede"},"content":{"rendered":"<p><strong><a href=\"https:\/\/youngcaritas.eu\/wp-content\/uploads\/2017\/05\/Unbenannts.jpg\"><img loading=\"lazy\" decoding=\"async\" class=\"alignnone wp-image-1597 size-full\" src=\"https:\/\/youngcaritas.eu\/wp-content\/uploads\/2017\/05\/Unbenannts.jpg\" alt=\"\" width=\"436\" height=\"475\" srcset=\"https:\/\/youngcaritas.eu\/wp-content\/uploads\/2017\/05\/Unbenannts.jpg 436w, https:\/\/youngcaritas.eu\/wp-content\/uploads\/2017\/05\/Unbenannts-275x300.jpg 275w\" sizes=\"(max-width: 436px) 100vw, 436px\" \/><\/a><\/strong><\/p>\n<p><strong>&#8220;Sprecht niemals \u00fcber jemandem, bevor ich nicht mit jemandem gesprochen habt.&#8221;<\/strong><\/p>\n<p>Paul Galles von der Young Caritas Luxemburg sprach bei der offiziellen Feier der Europ\u00e4ischen Jugendwoche am 4. Mai 2017 in Br\u00fcssel \u00fcber seine Erfahrungen mit Solidarit\u00e4t und Respekt in Jugend-Projekten (im Stil der TED Reden).<\/p>\n<p>Im Sommer 2014 organisierte er das <strong><a href=\"http:\/\/www.youngcaritas.de\/lokalisiert\/berlin\/events\/youropean-2014\">YOUropean-Event in Berlin<\/a><\/strong> mit jungen Engagierten aus Montenegro, Luxembourg und Berlin.<\/p>\n<p>&#8220;In der deutschen Gruppe waren drei Fl\u00fcchtlinge, die die Engagierten im Verlauf des Projekts ansprachen. Sie wagten die Frage zu stellen: &#8216;K\u00f6nnt ihr uns bitte eure Geschichte erz\u00e4hlen?&#8217;.<br \/>\nUnd da war der Moment der Erschaffung, in diesem Moment schufen die Engagierten Respekt f\u00fcr diese drei jungen M\u00e4nner.&#8221;<\/p>\n<p>Hier k\u00f6nnt ihr das Video seines Inputs schauen, um von der ganzen Geschichte zu erfahren:<\/p>\n<p><iframe loading=\"lazy\" title=\"TED like talk of Paul Galles changemaker at the European Youth Week 2017\" width=\"840\" height=\"473\" src=\"https:\/\/www.youtube.com\/embed\/3BlFP4FjhvY?feature=oembed\" frameborder=\"0\" allow=\"accelerometer; autoplay; clipboard-write; encrypted-media; gyroscope; picture-in-picture\" allowfullscreen><\/iframe><\/p>\n","protected":false},"excerpt":{"rendered":"<p>&#8220;Sprecht niemals \u00fcber jemandem, bevor ich nicht mit jemandem gesprochen habt.&#8221; Paul Galles von der Young Caritas Luxemburg sprach bei<\/p>\n","protected":false},"author":10,"featured_media":5448,"comment_status":"open","ping_status":"open","sticky":false,"template":"","format":"standard","meta":{"_monsterinsights_skip_tracking":false,"_monsterinsights_sitenote_active":false,"_monsterinsights_sitenote_note":"","_monsterinsights_sitenote_category":0,"footnotes":"","_links_to":"","_links_to_target":""},"categories":[],"tags":[],"_links":{"self":[{"href":"https:\/\/youngcaritas.eu\/de\/wp-json\/wp\/v2\/posts\/5127"}],"collection":[{"href":"https:\/\/youngcaritas.eu\/de\/wp-json\/wp\/v2\/posts"}],"about":[{"href":"https:\/\/youngcaritas.eu\/de\/wp-json\/wp\/v2\/types\/post"}],"author":[{"embeddable":true,"href":"https:\/\/youngcaritas.eu\/de\/wp-json\/wp\/v2\/users\/10"}],"replies":[{"embeddable":true,"href":"https:\/\/youngcaritas.eu\/de\/wp-json\/wp\/v2\/comments?post=5127"}],"version-history":[{"count":0,"href":"https:\/\/youngcaritas.eu\/de\/wp-json\/wp\/v2\/posts\/5127\/revisions"}],"wp:featuredmedia":[{"embeddable":true,"href":"https:\/\/youngcaritas.eu\/de\/wp-json\/wp\/v2\/media\/5448"}],"wp:attachment":[{"href":"https:\/\/youngcaritas.eu\/de\/wp-json\/wp\/v2\/media?parent=5127"}],"wp:term":[{"taxonomy":"category","embeddable":true,"href":"https:\/\/youngcaritas.eu\/de\/wp-json\/wp\/v2\/categories?post=5127"},{"taxonomy":"post_tag","embeddable":true,"href":"https:\/\/youngcaritas.eu\/de\/wp-json\/wp\/v2\/tags?post=5127"}],"curies":[{"name":"wp","href":"https:\/\/api.w.org\/{rel}","templated":true}]}}