{"id":5172,"date":"2018-04-27T13:39:49","date_gmt":"2018-04-27T11:39:49","guid":{"rendered":"https:\/\/youngcaritas.eu\/i-have-a-green-dream\/"},"modified":"2018-04-27T13:39:49","modified_gmt":"2018-04-27T11:39:49","slug":"i-have-a-green-dream","status":"publish","type":"post","link":"https:\/\/youngcaritas.eu\/de\/i-have-a-green-dream\/","title":{"rendered":"I have a [green] dream!"},"content":{"rendered":"<h3 style=\"text-align: left;\"><a href=\"https:\/\/youngcaritas.eu\/wp-content\/uploads\/2018\/04\/31369344_614926115528627_4390761254432538624_o.jpg\"><img loading=\"lazy\" decoding=\"async\" class=\"alignleft wp-image-2665\" src=\"https:\/\/youngcaritas.eu\/wp-content\/uploads\/2018\/04\/31369344_614926115528627_4390761254432538624_o-212x300.jpg\" alt=\"\" width=\"250\" height=\"354\" srcset=\"https:\/\/youngcaritas.eu\/wp-content\/uploads\/2018\/04\/31369344_614926115528627_4390761254432538624_o-212x300.jpg 212w, https:\/\/youngcaritas.eu\/wp-content\/uploads\/2018\/04\/31369344_614926115528627_4390761254432538624_o-768x1088.jpg 768w, https:\/\/youngcaritas.eu\/wp-content\/uploads\/2018\/04\/31369344_614926115528627_4390761254432538624_o-723x1024.jpg 723w, https:\/\/youngcaritas.eu\/wp-content\/uploads\/2018\/04\/31369344_614926115528627_4390761254432538624_o.jpg 1446w\" sizes=\"(max-width: 250px) 100vw, 250px\" \/><\/a>&#8220;Bewohner des Planeten&#8221;<\/h3>\n<p style=\"text-align: left;\">Dieses Jahr wird die international summer<br \/>\nuniversity in Saint-Malo vom 22.-26.8. rund<\/p>\n<p style=\"text-align: left;\">um&#8217;s Thema Umwelt stattfinden.<\/p>\n<p>Also: Save the date!<\/p>\n<p>Mehr Informationen folgen bald!<\/p>\n<p>&nbsp;<\/p>\n<p>&nbsp;<\/p>\n<h3>Du fragst dich, was in Saint-Malo jedes Jahr abgeht?<\/h3>\n<p>Dann schau dir diesen Erfahrungsbericht des Events letzten Jahres an, um eine Idee davon<br \/>\nzu bekommen:<\/p>\n<p>https:\/\/youngcaritas.eu\/de\/blog\/2017\/09\/18\/despite-some-delays-and-left-luggage-it-was-finally-the-23rd-of-august\/<\/p>\n<p>Ein paar weitere Impressionen der Veranstaltung letzten Jahres findest du hier:<\/p>\n<p><iframe loading=\"lazy\" title=\"Universit\u00e9 d&#039;\u00e9t\u00e9 Young Caritas 2017\" width=\"840\" height=\"473\" src=\"https:\/\/www.youtube.com\/embed\/BY2wbjdvFWk?feature=oembed\" frameborder=\"0\" allow=\"accelerometer; autoplay; clipboard-write; encrypted-media; gyroscope; picture-in-picture\" allowfullscreen><\/iframe><\/p>\n","protected":false},"excerpt":{"rendered":"<p>&#8220;Bewohner des Planeten&#8221; Dieses Jahr wird die international summer university in Saint-Malo vom 22.-26.8. rund um&#8217;s Thema Umwelt stattfinden. Also:<\/p>\n","protected":false},"author":14,"featured_media":5708,"comment_status":"closed","ping_status":"open","sticky":false,"template":"","format":"standard","meta":{"_monsterinsights_skip_tracking":false,"_monsterinsights_sitenote_active":false,"_monsterinsights_sitenote_note":"","_monsterinsights_sitenote_category":0,"footnotes":"","_links_to":"","_links_to_target":""},"categories":[],"tags":[],"_links":{"self":[{"href":"https:\/\/youngcaritas.eu\/de\/wp-json\/wp\/v2\/posts\/5172"}],"collection":[{"href":"https:\/\/youngcaritas.eu\/de\/wp-json\/wp\/v2\/posts"}],"about":[{"href":"https:\/\/youngcaritas.eu\/de\/wp-json\/wp\/v2\/types\/post"}],"author":[{"embeddable":true,"href":"https:\/\/youngcaritas.eu\/de\/wp-json\/wp\/v2\/users\/14"}],"replies":[{"embeddable":true,"href":"https:\/\/youngcaritas.eu\/de\/wp-json\/wp\/v2\/comments?post=5172"}],"version-history":[{"count":0,"href":"https:\/\/youngcaritas.eu\/de\/wp-json\/wp\/v2\/posts\/5172\/revisions"}],"wp:featuredmedia":[{"embeddable":true,"href":"https:\/\/youngcaritas.eu\/de\/wp-json\/wp\/v2\/media\/5708"}],"wp:attachment":[{"href":"https:\/\/youngcaritas.eu\/de\/wp-json\/wp\/v2\/media?parent=5172"}],"wp:term":[{"taxonomy":"category","embeddable":true,"href":"https:\/\/youngcaritas.eu\/de\/wp-json\/wp\/v2\/categories?post=5172"},{"taxonomy":"post_tag","embeddable":true,"href":"https:\/\/youngcaritas.eu\/de\/wp-json\/wp\/v2\/tags?post=5172"}],"curies":[{"name":"wp","href":"https:\/\/api.w.org\/{rel}","templated":true}]}}