{"id":5187,"date":"2018-05-24T08:41:46","date_gmt":"2018-05-24T06:41:46","guid":{"rendered":"https:\/\/youngcaritas.eu\/die-regionalkonferenz-2018-der-caritas-europa\/"},"modified":"2018-05-24T08:41:46","modified_gmt":"2018-05-24T06:41:46","slug":"die-regionalkonferenz-2018-der-caritas-europa","status":"publish","type":"post","link":"https:\/\/youngcaritas.eu\/de\/die-regionalkonferenz-2018-der-caritas-europa\/","title":{"rendered":"Die Regionalkonferenz 2018 der Caritas Europa"},"content":{"rendered":"<p><a href=\"https:\/\/youngcaritas.eu\/wp-content\/uploads\/2018\/05\/32873653_623740107980561_4138732199841103872_o.jpg\"><img loading=\"lazy\" decoding=\"async\" class=\"size-medium wp-image-2791 alignleft\" src=\"https:\/\/youngcaritas.eu\/wp-content\/uploads\/2018\/05\/32873653_623740107980561_4138732199841103872_o-300x200.jpg\" alt=\"\" width=\"300\" height=\"200\" srcset=\"https:\/\/youngcaritas.eu\/wp-content\/uploads\/2018\/05\/32873653_623740107980561_4138732199841103872_o-300x200.jpg 300w, https:\/\/youngcaritas.eu\/wp-content\/uploads\/2018\/05\/32873653_623740107980561_4138732199841103872_o-768x512.jpg 768w, https:\/\/youngcaritas.eu\/wp-content\/uploads\/2018\/05\/32873653_623740107980561_4138732199841103872_o-1024x683.jpg 1024w, https:\/\/youngcaritas.eu\/wp-content\/uploads\/2018\/05\/32873653_623740107980561_4138732199841103872_o-120x80.jpg 120w, https:\/\/youngcaritas.eu\/wp-content\/uploads\/2018\/05\/32873653_623740107980561_4138732199841103872_o.jpg 1296w\" sizes=\"(max-width: 300px) 100vw, 300px\" \/><\/a><\/p>\n<p><strong>Die Regionalkonferenz 2018 der Caritas Europa<\/strong> fand vom 7.-9. Mai statt. Jede der Mitgliedsorganisationen hatte die M\u00f6glichkeit ein paar Repr\u00e4sentanten hinzuschicken. Die Zahl der Teilnehmer umfasste am Ende 152 Leute, darunter befanden sich Pr\u00e4sidenten, Direktoren und Generalsekret\u00e4re der Caritas Europa. Dar\u00fcber hinaus nahmen Mitarbeiter, und junge Freiwillige teil.<\/p>\n<p>Der Grund dieser Konferenz waren haupts\u00e4chlich Statuierungs- und Wahlsessions und zum anderen fanden Workshops zum Thema \u201eJugend und Solidarit\u00e4t\u201c statt. Bei letzterem wurden Tipps gegeben, wie junge Menschen mehr in in Aktivit\u00e4ten der Caritas Europa eingebunden werden k\u00f6nnen.<\/p>\n<h4>F\u00fcr Mitgliedsorganisationen:<\/h4>\n<ol>\n<li>Die Teilnahme junger Menschen bei Entscheidungspro-<br \/>\nzessen auf<a href=\"https:\/\/youngcaritas.eu\/wp-content\/uploads\/2018\/05\/32416415_10217002222154353_3759647120596926464_o.jpg\"><img loading=\"lazy\" decoding=\"async\" class=\"alignright wp-image-2788\" src=\"https:\/\/youngcaritas.eu\/wp-content\/uploads\/2018\/05\/32416415_10217002222154353_3759647120596926464_o-300x225.jpg\" alt=\"\" width=\"350\" height=\"263\" srcset=\"https:\/\/youngcaritas.eu\/wp-content\/uploads\/2018\/05\/32416415_10217002222154353_3759647120596926464_o-300x225.jpg 300w, https:\/\/youngcaritas.eu\/wp-content\/uploads\/2018\/05\/32416415_10217002222154353_3759647120596926464_o-768x576.jpg 768w, https:\/\/youngcaritas.eu\/wp-content\/uploads\/2018\/05\/32416415_10217002222154353_3759647120596926464_o-1024x768.jpg 1024w, https:\/\/youngcaritas.eu\/wp-content\/uploads\/2018\/05\/32416415_10217002222154353_3759647120596926464_o.jpg 1280w\" sizes=\"(max-width: 350px) 100vw, 350px\" \/><\/a>\u00a0Leitungslevel<\/li>\n<li>Ein neues Netzwerk f\u00fcr junge Freiwillige bilden, zum Austausch von Informationen<\/li>\n<li>Einen Kommunikationsplan erarbeiten (enth\u00e4lt auch Social Media), um YoungCaritas zu promoten (Image und Branding)<\/li>\n<li>Bew\u00e4hrte Praktiken und gute Erfahrungen mit jungen Freiwilligen auflisten<\/li>\n<li>Der Austausch von Bildungs-, Formations- und Networkingerfahrungen von jungen Menschen<\/li>\n<\/ol>\n<h4>F\u00fcr das Caritas Europa Netzwerk:<\/h4>\n<ol>\n<li>Teilnahme von YoungCaritas in Entscheidungsprozessen (strategisches Planen der Caritas Europa)<\/li>\n<li>Eine Strategie f\u00fcr YoungCaritas in Caritas Europa erarbeiten<\/li>\n<li>Professionelle Koordination auf Caritas Europa Niveau<\/li>\n<li>Austauschprogramme f\u00fcr Youngsters und Mitarbeiter von verschiedenen L\u00e4ndern<\/li>\n<li>Ein Caritas Europa Fond f\u00fcr YoungCaritas<\/li>\n<\/ol>\n<p>F\u00fcr YoungCaritas sind diese Ergebnisse sehr vielversprechend! Wir sind bereits sehr gespannt, was nach der<strong><a href=\"https:\/\/youngcaritas.eu\/de\/blog\/2018\/05\/17\/european-conference-on-social-education-and-young-voluteerism\/\"> Konferenz in Wien<\/a><\/strong> (23.-25. November 2018) passieren wird. Das Hauptziel wird es sein, das Konzept von YoungCaritas in ganz Europa zu verbreiten und damit auch das aktuelle Netzwerk zu vergr\u00f6\u00dfern.<\/p>\n<p>Bei der Regionalkonferenz in Tiflis hatten die Teilnehmer neben dem Konferieren auch Zeit um die wundersch\u00f6ne Hauptstadt Georgiens zu entdecken und damit auch ihre freundlichen Einwohner, leckeres Essen, religi\u00f6se Zeremonien und traditionelle Lieder und T\u00e4nze kennenzulernen. Durch den kulturellen Einblick entstand eine Atmosph\u00e4re des Zusammenseins. Die Konferenz hat gezeigt, wie wenig Nationalit\u00e4t, sexuelle Orientierung, Religionszugeh\u00f6rigkeit oder Alter doch eine Rolle spielen k\u00f6nnen.<\/p>\n<p>Hier findest du ein Video, dass w\u00e4hrend der Konferenz in Tiflis gezeigt wurde. Es geht um das Thema \u201eJugend und Solidarit\u00e4t\u201c. Mitglieder von YoungCaritas in Europe haben hierf\u00fcr junge Menschen nach ihrer Meinung dar\u00fcber gefragt, was Caritas\u2018 zuk\u00fcnftige Aufgabe bez\u00fcglich der jungen Generation sein wird. Die Antworten sind spannend!<\/p>\n<p><iframe loading=\"lazy\" title=\"What are the social challenges nowadays?\" width=\"840\" height=\"473\" src=\"https:\/\/www.youtube.com\/embed\/UTZfLutOX7o?feature=oembed\" frameborder=\"0\" allow=\"accelerometer; autoplay; clipboard-write; encrypted-media; gyroscope; picture-in-picture\" allowfullscreen><\/iframe><\/p>\n","protected":false},"excerpt":{"rendered":"<p>Die Regionalkonferenz 2018 der Caritas Europa fand vom 7.-9. Mai statt. Jede der Mitgliedsorganisationen hatte die M\u00f6glichkeit ein paar Repr\u00e4sentanten<\/p>\n","protected":false},"author":15,"featured_media":5718,"comment_status":"closed","ping_status":"open","sticky":false,"template":"","format":"standard","meta":{"_monsterinsights_skip_tracking":false,"_monsterinsights_sitenote_active":false,"_monsterinsights_sitenote_note":"","_monsterinsights_sitenote_category":0,"footnotes":"","_links_to":"","_links_to_target":""},"categories":[],"tags":[],"_links":{"self":[{"href":"https:\/\/youngcaritas.eu\/de\/wp-json\/wp\/v2\/posts\/5187"}],"collection":[{"href":"https:\/\/youngcaritas.eu\/de\/wp-json\/wp\/v2\/posts"}],"about":[{"href":"https:\/\/youngcaritas.eu\/de\/wp-json\/wp\/v2\/types\/post"}],"author":[{"embeddable":true,"href":"https:\/\/youngcaritas.eu\/de\/wp-json\/wp\/v2\/users\/15"}],"replies":[{"embeddable":true,"href":"https:\/\/youngcaritas.eu\/de\/wp-json\/wp\/v2\/comments?post=5187"}],"version-history":[{"count":0,"href":"https:\/\/youngcaritas.eu\/de\/wp-json\/wp\/v2\/posts\/5187\/revisions"}],"wp:featuredmedia":[{"embeddable":true,"href":"https:\/\/youngcaritas.eu\/de\/wp-json\/wp\/v2\/media\/5718"}],"wp:attachment":[{"href":"https:\/\/youngcaritas.eu\/de\/wp-json\/wp\/v2\/media?parent=5187"}],"wp:term":[{"taxonomy":"category","embeddable":true,"href":"https:\/\/youngcaritas.eu\/de\/wp-json\/wp\/v2\/categories?post=5187"},{"taxonomy":"post_tag","embeddable":true,"href":"https:\/\/youngcaritas.eu\/de\/wp-json\/wp\/v2\/tags?post=5187"}],"curies":[{"name":"wp","href":"https:\/\/api.w.org\/{rel}","templated":true}]}}