{"id":5229,"date":"2018-11-19T17:46:40","date_gmt":"2018-11-19T16:46:40","guid":{"rendered":"https:\/\/youngcaritas.eu\/lebendige-bibliothek\/"},"modified":"2018-11-19T17:46:40","modified_gmt":"2018-11-19T16:46:40","slug":"lebendige-bibliothek","status":"publish","type":"post","link":"https:\/\/youngcaritas.eu\/de\/lebendige-bibliothek\/","title":{"rendered":"LEBENDIGE BIBLIOTHEK"},"content":{"rendered":"<p>Ein Tool der Young Caritas Luxemburg und youngCaritas S\u00fcdtirol (Italien)<\/p>\n<p><!--more--><\/p>\n<p><a href=\"https:\/\/youngcaritas.eu\/wp-content\/uploads\/2018\/11\/living_library.jpg\"><img loading=\"lazy\" decoding=\"async\" class=\"wp-image-3512 size-medium alignnone\" src=\"https:\/\/youngcaritas.eu\/wp-content\/uploads\/2018\/11\/living_library-300x68.jpg\" alt=\"\" width=\"300\" height=\"68\" srcset=\"https:\/\/youngcaritas.eu\/wp-content\/uploads\/2018\/11\/living_library-300x68.jpg 300w, https:\/\/youngcaritas.eu\/wp-content\/uploads\/2018\/11\/living_library.jpg 497w\" sizes=\"(max-width: 300px) 100vw, 300px\" \/><\/a><\/p>\n<p><strong>Was machst du?<\/strong><\/p>\n<p>In einer <em>Lebendigen Bibliothek<\/em> sind Menschen die B\u00fccher. So k\u00f6nnen behinderte, gefl\u00fcchtete oder \u00e4ltere Menschen ihre Lebensgeschichten ganz direkt und lebendig mit einem Publikum teilen. Nachdem das Publikum eine Weile im Gespr\u00e4ch mit einem lebendigen Buch war, wechselt es zum n\u00e4chsten Buch und damit zur n\u00e4chsten Lebensgeschichte. Auf diese Weise erm\u00f6glicht die Lebendige Bibliothek den direkten Kontakt zwischen Menschen aus unterschiedlichen Lebenswelten.<\/p>\n<p><strong>Was brauchst du?<\/strong><\/p>\n<ul>\n<li>Menschen als lebendige B\u00fccher<\/li>\n<li>mehrere R\u00e4ume<\/li>\n<li>kurzes Infoblatt \u00fcber die Menschen, die sich als lebendige B\u00fccher zur Verf\u00fcgung stellen<\/li>\n<li>2\u20133 Stunden<\/li>\n<\/ul>\n<p><strong>Kontakt:<\/strong><br \/>\nYC Luxemburg<br \/>\nPaul Galles<br \/>\n<a href=\"mailto:info@youngcaritas.lu\">info@youngcaritas.lu<\/a><br \/>\nYC S\u00fcdtirol (Italien)<br \/>\n<a href=\"mailto:info@youngcaritas.bz.it\">info@youngcaritas.bz.it<\/a><\/p>\n<p><strong>Materialien:<\/strong><br \/>\n<a href=\"https:\/\/youngcaritas.eu\/wp-content\/uploads\/2018\/11\/LivingLibrary-questions.docx\">LivingLibrary questions<\/a><br \/>\n<a href=\"http:\/\/humanlibrary.org\/\" target=\"_blank\" rel=\"noopener\">www.humanlibrary.org<\/a><\/p>\n","protected":false},"excerpt":{"rendered":"<p>Ein Tool der Young Caritas Luxemburg und youngCaritas S\u00fcdtirol (Italien)<\/p>\n","protected":false},"author":11,"featured_media":5828,"comment_status":"closed","ping_status":"open","sticky":false,"template":"","format":"standard","meta":{"_monsterinsights_skip_tracking":false,"_monsterinsights_sitenote_active":false,"_monsterinsights_sitenote_note":"","_monsterinsights_sitenote_category":0,"footnotes":"","_links_to":"","_links_to_target":""},"categories":[],"tags":[],"_links":{"self":[{"href":"https:\/\/youngcaritas.eu\/de\/wp-json\/wp\/v2\/posts\/5229"}],"collection":[{"href":"https:\/\/youngcaritas.eu\/de\/wp-json\/wp\/v2\/posts"}],"about":[{"href":"https:\/\/youngcaritas.eu\/de\/wp-json\/wp\/v2\/types\/post"}],"author":[{"embeddable":true,"href":"https:\/\/youngcaritas.eu\/de\/wp-json\/wp\/v2\/users\/11"}],"replies":[{"embeddable":true,"href":"https:\/\/youngcaritas.eu\/de\/wp-json\/wp\/v2\/comments?post=5229"}],"version-history":[{"count":0,"href":"https:\/\/youngcaritas.eu\/de\/wp-json\/wp\/v2\/posts\/5229\/revisions"}],"wp:featuredmedia":[{"embeddable":true,"href":"https:\/\/youngcaritas.eu\/de\/wp-json\/wp\/v2\/media\/5828"}],"wp:attachment":[{"href":"https:\/\/youngcaritas.eu\/de\/wp-json\/wp\/v2\/media?parent=5229"}],"wp:term":[{"taxonomy":"category","embeddable":true,"href":"https:\/\/youngcaritas.eu\/de\/wp-json\/wp\/v2\/categories?post=5229"},{"taxonomy":"post_tag","embeddable":true,"href":"https:\/\/youngcaritas.eu\/de\/wp-json\/wp\/v2\/tags?post=5229"}],"curies":[{"name":"wp","href":"https:\/\/api.w.org\/{rel}","templated":true}]}}