{"id":6672,"date":"2023-09-14T22:04:43","date_gmt":"2023-09-14T20:04:43","guid":{"rendered":"https:\/\/youngcaritas.eu\/?p=6672"},"modified":"2023-09-14T22:06:40","modified_gmt":"2023-09-14T20:06:40","slug":"neues-toolkit-bildung-fuer-nachhaltige-entwicklung","status":"publish","type":"post","link":"https:\/\/youngcaritas.eu\/de\/neues-toolkit-bildung-fuer-nachhaltige-entwicklung\/","title":{"rendered":"Neues Toolkit \u00abBildung f\u00fcr nachhaltige Entwicklung\u00bb"},"content":{"rendered":"<p>Klimawandel, bewaffnete Konflikte, soziale Ungleichheit \u2013 die Herausforderungen zeigen, wie \u00f6kologische, gesellschaftliche und \u00f6konomische Prozesse zusammenh\u00e4ngen. Mit den SDGs hat sich die Weltgemeinschaft ehrgeizige Ziele gesetzt, um diese Herausforderungen zu bew\u00e4ltigen. Bildung f\u00fcr nachhaltige Entwicklung ist ein wichtiger Schritt dazu.<\/p>\n<p>Das von der youngCaritas Schweiz f\u00fcr das Netzwerk YoungCaritas in Europe erstellte Toolkit liefert wertvolle Hintergrundinformation und \u00dcbungsideen zu den globalen Nachhaltigkeitszielen sowie den Fokusthemen Armut &amp; soziale Ungleichheit, Migration &amp; Vielfalt und Nachhaltigkeit &amp; Konsum. Anhand einfach umsetzbarer Projektbeispiele aus dem Netzwerk wird aufgezeigt, wie Sensibilisierung und aktives Engagement von jungen Menschen gelingt.<\/p>\n<p><strong>Zielgruppe<\/strong><br \/>\nJugendliche ab ca. 13 Jahren<\/p>\n<p><strong><a href=\"https:\/\/www.youngcaritas.ch\/fileadmin\/Media\/Schulbereich\/Schulmaterial\/Intellectual_Output\/Toolkit_BNE_yC_in_Europe_Internet.pdf\">Download des Heftes<\/a><\/strong><\/p>\n","protected":false},"excerpt":{"rendered":"<p>Klimawandel, bewaffnete Konflikte, soziale Ungleichheit \u2013 die Herausforderungen zeigen, wie \u00f6kologische, gesellschaftliche und \u00f6konomische Prozesse zusammenh\u00e4ngen. Mit den SDGs hat<\/p>\n","protected":false},"author":11,"featured_media":6670,"comment_status":"closed","ping_status":"open","sticky":false,"template":"","format":"standard","meta":{"_monsterinsights_skip_tracking":false,"_monsterinsights_sitenote_active":false,"_monsterinsights_sitenote_note":"","_monsterinsights_sitenote_category":0,"footnotes":"","_links_to":"","_links_to_target":""},"categories":[62,58,53],"tags":[],"_links":{"self":[{"href":"https:\/\/youngcaritas.eu\/de\/wp-json\/wp\/v2\/posts\/6672"}],"collection":[{"href":"https:\/\/youngcaritas.eu\/de\/wp-json\/wp\/v2\/posts"}],"about":[{"href":"https:\/\/youngcaritas.eu\/de\/wp-json\/wp\/v2\/types\/post"}],"author":[{"embeddable":true,"href":"https:\/\/youngcaritas.eu\/de\/wp-json\/wp\/v2\/users\/11"}],"replies":[{"embeddable":true,"href":"https:\/\/youngcaritas.eu\/de\/wp-json\/wp\/v2\/comments?post=6672"}],"version-history":[{"count":1,"href":"https:\/\/youngcaritas.eu\/de\/wp-json\/wp\/v2\/posts\/6672\/revisions"}],"predecessor-version":[{"id":6673,"href":"https:\/\/youngcaritas.eu\/de\/wp-json\/wp\/v2\/posts\/6672\/revisions\/6673"}],"wp:featuredmedia":[{"embeddable":true,"href":"https:\/\/youngcaritas.eu\/de\/wp-json\/wp\/v2\/media\/6670"}],"wp:attachment":[{"href":"https:\/\/youngcaritas.eu\/de\/wp-json\/wp\/v2\/media?parent=6672"}],"wp:term":[{"taxonomy":"category","embeddable":true,"href":"https:\/\/youngcaritas.eu\/de\/wp-json\/wp\/v2\/categories?post=6672"},{"taxonomy":"post_tag","embeddable":true,"href":"https:\/\/youngcaritas.eu\/de\/wp-json\/wp\/v2\/tags?post=6672"}],"curies":[{"name":"wp","href":"https:\/\/api.w.org\/{rel}","templated":true}]}}