{"id":5023,"date":"2015-09-09T09:58:26","date_gmt":"2015-09-09T07:58:26","guid":{"rendered":"https:\/\/youngcaritas.eu\/partofthepuzzle\/"},"modified":"2015-09-09T09:58:26","modified_gmt":"2015-09-09T07:58:26","slug":"partofthepuzzle","status":"publish","type":"post","link":"https:\/\/youngcaritas.eu\/fr\/partofthepuzzle\/","title":{"rendered":"#partofthepuzzle"},"content":{"rendered":"<p>&nbsp;<\/p>\n<p><strong>\u201ePart of the Puzzle\u201c <\/strong><\/p>\n<p><strong>Montre votre solidarit\u00e9 avec les r\u00e9fugi\u00e9s et les migrants! your solidarity with refugees and migrants!<\/strong><\/p>\n<p><strong>Smartmob virtuel<br \/>\n<\/strong><\/p>\n<p><strong>D\u00c9BUT:<\/strong> 24.09.2015 12h00<br \/>\n<strong>FIN:<\/strong> 25.09.2015 12h00<\/p>\n<p>D\u00e9coupez le nombre de morceaux de puzzle dont vous avez besoin2. Prenez une photo d&#8217;entre vous et vos amis avec lemorceaux de puzzle3. Postez-le sur les M\u00e9dias Sociaux avec le hashtag#partof thepuzzlePlus de renseignements ici !<\/p>\n<p><a href=\"http:\/\/www.youngcaritas.com\/de\/partofthepuzzle\/\" target=\"_blank\" rel=\"noopener\">Plus des informations ici!<\/a><\/p>\n<p>&nbsp;<\/p>\n","protected":false},"excerpt":{"rendered":"<p>&nbsp; \u201ePart of the Puzzle\u201c Montre votre solidarit\u00e9 avec les r\u00e9fugi\u00e9s et les migrants! your solidarity with refugees and migrants!<\/p>\n","protected":false},"author":4,"featured_media":4850,"comment_status":"open","ping_status":"open","sticky":false,"template":"","format":"video","meta":{"_monsterinsights_skip_tracking":false,"_monsterinsights_sitenote_active":false,"_monsterinsights_sitenote_note":"","_monsterinsights_sitenote_category":0,"footnotes":"","_links_to":"","_links_to_target":""},"categories":[],"tags":[],"_links":{"self":[{"href":"https:\/\/youngcaritas.eu\/fr\/wp-json\/wp\/v2\/posts\/5023"}],"collection":[{"href":"https:\/\/youngcaritas.eu\/fr\/wp-json\/wp\/v2\/posts"}],"about":[{"href":"https:\/\/youngcaritas.eu\/fr\/wp-json\/wp\/v2\/types\/post"}],"author":[{"embeddable":true,"href":"https:\/\/youngcaritas.eu\/fr\/wp-json\/wp\/v2\/users\/4"}],"replies":[{"embeddable":true,"href":"https:\/\/youngcaritas.eu\/fr\/wp-json\/wp\/v2\/comments?post=5023"}],"version-history":[{"count":0,"href":"https:\/\/youngcaritas.eu\/fr\/wp-json\/wp\/v2\/posts\/5023\/revisions"}],"wp:featuredmedia":[{"embeddable":true,"href":"https:\/\/youngcaritas.eu\/fr\/wp-json\/wp\/v2\/media\/4850"}],"wp:attachment":[{"href":"https:\/\/youngcaritas.eu\/fr\/wp-json\/wp\/v2\/media?parent=5023"}],"wp:term":[{"taxonomy":"category","embeddable":true,"href":"https:\/\/youngcaritas.eu\/fr\/wp-json\/wp\/v2\/categories?post=5023"},{"taxonomy":"post_tag","embeddable":true,"href":"https:\/\/youngcaritas.eu\/fr\/wp-json\/wp\/v2\/tags?post=5023"}],"curies":[{"name":"wp","href":"https:\/\/api.w.org\/{rel}","templated":true}]}}