{"id":5038,"date":"2016-03-20T17:45:16","date_gmt":"2016-03-20T16:45:16","guid":{"rendered":"https:\/\/youngcaritas.eu\/jour-deux-et-trois-paris-recontre\/"},"modified":"2016-03-20T17:45:16","modified_gmt":"2016-03-20T16:45:16","slug":"jour-deux-et-trois-paris-recontre","status":"publish","type":"post","link":"https:\/\/youngcaritas.eu\/fr\/jour-deux-et-trois-paris-recontre\/","title":{"rendered":"Jour deux et trois &#8211; Paris Recontre"},"content":{"rendered":"<h2><strong>Jour 2<\/strong><\/h2>\n<p>Le deuxi\u00e8me jour part avec une pr\u00e9sentation tr\u00e8s inter\u00e9ssante sur la politique d&#8217;asile dans l&#8217;EU. Avec quelques nouveaux points de vue, j&#8217;\u00e9tais vraiment mitiv\u00e9 pour les ateliers suivants. Dans l&#8217;apr\u00e9s-midi, nous allons \u00e0 Roma Slum. Une super possibilit\u00e9 \u00e9tait \u00e0 recevoir autour des gens de fair la connaissance et un apercu dans leur vie. Ensuite, le jour \u00e9tait conclu \u00e0 un fait de se r\u00e9unir dans Caritas Migrations le center.<br \/>\nLe soir, je suis all\u00e9 alors avec beaucoup de nouvelles id\u00e9es au<\/p>\n<p><strong>. Valentina \/ Autriche<\/strong><\/p>\n<p>&nbsp;<\/p>\n<h2><strong>Jour 3<\/strong><\/h2>\n<p>Le jour 3 il s&#8217;agissait principalemant du fait de discuter projeter &#8220;brainstorming&#8221; et actions pur l&#8217;avenir.<br \/>\nCela se terminait approximativement ainsi:<br \/>\nQuelqu&#8217;un expliquait<br \/>\nLes autres \u00e9coutent<br \/>\nQuelqu&#8217;un \u00e9tait \u00e9tonn\u00e9<br \/>\nLes autres r\u00e9pondaient<br \/>\nQuelqu&#8217;un se r\u00e9jouissait<br \/>\nAutre r\u00e9agissaient<br \/>\nQuelqu&#8217;un hessitait<br \/>\nAutre calmaient<br \/>\nQuelqu&#8217;un brainstormait<br \/>\nLes autres faisaient<br \/>\nQuelqu&#8217;un proposait quelque chose<br \/>\nTous \u00e9taient d&#8217;accord: il est #bettertogether<\/p>\n<p>Ainsi: Cela cela allant \u00eatre notre devise pour le Jour youngCaritas international en septembre! Mains devinez que? Quand les gens diff\u00e9rents pays se r\u00e9unissent, le r\u00e9sultat de cela dout \u00eatre multiple tout \u00e0 fait, n&#8217;est ce pas? Ainsi\u00a0 pour s&#8217;assurer que chaque grouppeut ex\u00e9cuter cette devise de la facon appropri\u00e9e, c&#8217;est maintenant la t\u00e2che de chacun d&#8217;entre eux pour planifier les actions sp\u00e9cifique, aussi bien que le commencement d&#8217;un projet \u00e0 long terme des st\u00e9r\u00e9otypes et de la contribution \u00e0 une lettre qui sera envoy\u00e9e au Parlement europ\u00e9en.<br \/>\nDonc le week-end \u00e0 Paris peut \u00eatre fini mais notre enthousiasme n&#8217;est pas &#8211; restent accord\u00e9s! Et \u00e0 propos: Nous croyons qu&#8217;est mieux ensemble!<\/p>\n<ul>\n<li><strong>Bettina\/Suisse<\/strong><\/li>\n<\/ul>\n","protected":false},"excerpt":{"rendered":"<p>Jour 2 Le deuxi\u00e8me jour part avec une pr\u00e9sentation tr\u00e8s inter\u00e9ssante sur la politique d&#8217;asile dans l&#8217;EU. Avec quelques nouveaux<\/p>\n","protected":false},"author":4,"featured_media":4834,"comment_status":"open","ping_status":"open","sticky":false,"template":"","format":"standard","meta":{"_monsterinsights_skip_tracking":false,"_monsterinsights_sitenote_active":false,"_monsterinsights_sitenote_note":"","_monsterinsights_sitenote_category":0,"footnotes":"","_links_to":"","_links_to_target":""},"categories":[],"tags":[],"_links":{"self":[{"href":"https:\/\/youngcaritas.eu\/fr\/wp-json\/wp\/v2\/posts\/5038"}],"collection":[{"href":"https:\/\/youngcaritas.eu\/fr\/wp-json\/wp\/v2\/posts"}],"about":[{"href":"https:\/\/youngcaritas.eu\/fr\/wp-json\/wp\/v2\/types\/post"}],"author":[{"embeddable":true,"href":"https:\/\/youngcaritas.eu\/fr\/wp-json\/wp\/v2\/users\/4"}],"replies":[{"embeddable":true,"href":"https:\/\/youngcaritas.eu\/fr\/wp-json\/wp\/v2\/comments?post=5038"}],"version-history":[{"count":0,"href":"https:\/\/youngcaritas.eu\/fr\/wp-json\/wp\/v2\/posts\/5038\/revisions"}],"wp:featuredmedia":[{"embeddable":true,"href":"https:\/\/youngcaritas.eu\/fr\/wp-json\/wp\/v2\/media\/4834"}],"wp:attachment":[{"href":"https:\/\/youngcaritas.eu\/fr\/wp-json\/wp\/v2\/media?parent=5038"}],"wp:term":[{"taxonomy":"category","embeddable":true,"href":"https:\/\/youngcaritas.eu\/fr\/wp-json\/wp\/v2\/categories?post=5038"},{"taxonomy":"post_tag","embeddable":true,"href":"https:\/\/youngcaritas.eu\/fr\/wp-json\/wp\/v2\/tags?post=5038"}],"curies":[{"name":"wp","href":"https:\/\/api.w.org\/{rel}","templated":true}]}}