{"id":5041,"date":"2016-03-20T17:58:14","date_gmt":"2016-03-20T16:58:14","guid":{"rendered":"https:\/\/youngcaritas.eu\/visite-dun-logement-durgence-pour-les-refugies-a-vienne\/"},"modified":"2016-03-20T17:58:14","modified_gmt":"2016-03-20T16:58:14","slug":"visite-dun-logement-durgence-pour-les-refugies-a-vienne","status":"publish","type":"post","link":"https:\/\/youngcaritas.eu\/fr\/visite-dun-logement-durgence-pour-les-refugies-a-vienne\/","title":{"rendered":"Visite d&#8217;un logement d&#8217;urgence pour les r\u00e9fugi\u00e9s \u00e0 Vienne"},"content":{"rendered":"<div id=\"text-translation-video-ad\">\n<div class=\"row-fluid\">\n<div class=\"span6\">\n<div class=\"text-translation-target target\" data-pons-indicator-selector=\".target_indicator\">\n<div class=\"translated_text\">\n<p>Le 7 mars,\u00a0Jasna, Amina, Dilek, Simay, et moi, Hannah, (l&#8217;\u00e9quipe Youngcaritas de Vienne)\u00a0avons visit\u00e9 un centre d&#8217;urgence pour r\u00e9fugi\u00e9s dans le 21<sup>\u00e8me<\/sup> district de Vienne.<\/p>\n<p>Pendant le diner un tour de table, des discussions et des questions pouvaient pleuvoir et trouver de r\u00e9ponses.<\/p>\n<p>Merci \u00e0 Harold Naaijer, au staff de Caritas et aux habitants du centre. &#8220;Le centre d&#8217;accueil d&#8217;urgence&#8221;, c&#8217;est plus que l&#8217;expression que nous avons souvent entendu dans les m\u00e9dias. Sur place, nous n&#8217;avons pas r\u00e9sist\u00e9 \u00e0 l&#8217;envie de prendre des photos.<\/p>\n<\/div>\n<\/div>\n<\/div>\n<\/div>\n<\/div>\n<p>&nbsp;<\/p>\n","protected":false},"excerpt":{"rendered":"<p>Le 7 mars,\u00a0Jasna, Amina, Dilek, Simay, et moi, Hannah, (l&#8217;\u00e9quipe Youngcaritas de Vienne)\u00a0avons visit\u00e9 un centre d&#8217;urgence pour r\u00e9fugi\u00e9s dans<\/p>\n","protected":false},"author":4,"featured_media":4838,"comment_status":"open","ping_status":"open","sticky":false,"template":"","format":"standard","meta":{"_monsterinsights_skip_tracking":false,"_monsterinsights_sitenote_active":false,"_monsterinsights_sitenote_note":"","_monsterinsights_sitenote_category":0,"footnotes":"","_links_to":"","_links_to_target":""},"categories":[],"tags":[],"_links":{"self":[{"href":"https:\/\/youngcaritas.eu\/fr\/wp-json\/wp\/v2\/posts\/5041"}],"collection":[{"href":"https:\/\/youngcaritas.eu\/fr\/wp-json\/wp\/v2\/posts"}],"about":[{"href":"https:\/\/youngcaritas.eu\/fr\/wp-json\/wp\/v2\/types\/post"}],"author":[{"embeddable":true,"href":"https:\/\/youngcaritas.eu\/fr\/wp-json\/wp\/v2\/users\/4"}],"replies":[{"embeddable":true,"href":"https:\/\/youngcaritas.eu\/fr\/wp-json\/wp\/v2\/comments?post=5041"}],"version-history":[{"count":0,"href":"https:\/\/youngcaritas.eu\/fr\/wp-json\/wp\/v2\/posts\/5041\/revisions"}],"wp:featuredmedia":[{"embeddable":true,"href":"https:\/\/youngcaritas.eu\/fr\/wp-json\/wp\/v2\/media\/4838"}],"wp:attachment":[{"href":"https:\/\/youngcaritas.eu\/fr\/wp-json\/wp\/v2\/media?parent=5041"}],"wp:term":[{"taxonomy":"category","embeddable":true,"href":"https:\/\/youngcaritas.eu\/fr\/wp-json\/wp\/v2\/categories?post=5041"},{"taxonomy":"post_tag","embeddable":true,"href":"https:\/\/youngcaritas.eu\/fr\/wp-json\/wp\/v2\/tags?post=5041"}],"curies":[{"name":"wp","href":"https:\/\/api.w.org\/{rel}","templated":true}]}}