{"id":5044,"date":"2016-06-14T14:25:20","date_gmt":"2016-06-14T12:25:20","guid":{"rendered":"https:\/\/youngcaritas.eu\/temoignage-darnaud-biaba-young-caritas-seine-saint-denis\/"},"modified":"2016-06-14T14:25:20","modified_gmt":"2016-06-14T12:25:20","slug":"temoignage-darnaud-biaba-young-caritas-seine-saint-denis","status":"publish","type":"post","link":"https:\/\/youngcaritas.eu\/fr\/temoignage-darnaud-biaba-young-caritas-seine-saint-denis\/","title":{"rendered":"T\u00e9moignage d&#8217;Arnaud Biaba, Young Caritas Seine-Saint-Denis"},"content":{"rendered":"<p><strong>Arnaud Biaba, Young Caritas Seine-Saint-Denis<\/strong><br \/>\n<a href=\"http:\/\/www.youngcaritas.com\/wp-content\/uploads\/2016\/06\/Arnaud.jpg\"><img loading=\"lazy\" decoding=\"async\" class=\"alignnone wp-image-623 size-full\" src=\"https:\/\/youngcaritas.eu\/wp-content\/uploads\/2016\/06\/Arnaud.jpg\" alt=\"Arnaud\" width=\"422\" height=\"301\" srcset=\"https:\/\/youngcaritas.eu\/wp-content\/uploads\/2016\/06\/Arnaud.jpg 422w, https:\/\/youngcaritas.eu\/wp-content\/uploads\/2016\/06\/Arnaud-300x214.jpg 300w, https:\/\/youngcaritas.eu\/wp-content\/uploads\/2016\/06\/Arnaud-90x65.jpg 90w\" sizes=\"(max-width: 422px) 100vw, 422px\" \/><\/a><\/p>\n<p>&#8220;Je m&#8217;engage depuis presque 2 ans \u00e0 Secours Catholique. L\u00e0 je m&#8217;occupe chaque jeudi de 9 &#8211; et 12 heures autour du d\u00e9but de jour. Je peux faire du caf\u00e9, la salle rangent, avec les enfants jouent jusqu&#8217;aux parents sont pr\u00e9sents et rangent la garde-robe.<\/p>\n<p>Avec Young Caritas de ses Saint Denis, nous organisons, par exemple, la salade de musiques de discoth\u00e8que, soupe de musiques de discoth\u00e8que laquelle on mange le soir. Depuis neuf mois, nous organisons ces \u00e9v\u00e9nements pour sensibiliser le gaspillage alimentaire.<\/p>\n<p>Je m&#8217;engage pour me rendre utile et donner mon temps \u00e0 des gens parce que je sais qu&#8217;ils en ont besoin. Le d\u00e9but des migrants est un sujet qui me touche particuli\u00e8rement parce que je suis un migrant, j&#8217;en fais partie et le sais je pour quoi s&#8217;agit.<\/p>\n<p>Le d\u00e9but dispos\u00e9 en France est bien encadr\u00e9 par la loi, on doit suivre la proc\u00e9dure cependant, je ne reviens pas dans le cadre de l&#8217;asile. Les gens ont parfois les images n\u00e9gatives et ils ne prennent pas le temps rencontrer les migrants et ils voient comme des punissables. On ne peut pas changer les pr\u00e9jug\u00e9s de la mani\u00e8re totale, g\u00e9n\u00e9rale. Cela d\u00e9pend de la volont\u00e9 de chaque personne. Les gens campen sur sa situation, on doit discuter \u00e0 chacun. Avec des gens en discutant, j&#8217;ai vu changer son regard. Il est justement cette discussion qui passe cela. &#8221;<\/p>\n<p>&nbsp;<\/p>\n","protected":false},"excerpt":{"rendered":"<p>Arnaud Biaba, Young Caritas Seine-Saint-Denis &#8220;Je m&#8217;engage depuis presque 2 ans \u00e0 Secours Catholique. L\u00e0 je m&#8217;occupe chaque jeudi de<\/p>\n","protected":false},"author":4,"featured_media":4896,"comment_status":"open","ping_status":"open","sticky":false,"template":"","format":"standard","meta":{"_monsterinsights_skip_tracking":false,"_monsterinsights_sitenote_active":false,"_monsterinsights_sitenote_note":"","_monsterinsights_sitenote_category":0,"footnotes":"","_links_to":"","_links_to_target":""},"categories":[],"tags":[],"_links":{"self":[{"href":"https:\/\/youngcaritas.eu\/fr\/wp-json\/wp\/v2\/posts\/5044"}],"collection":[{"href":"https:\/\/youngcaritas.eu\/fr\/wp-json\/wp\/v2\/posts"}],"about":[{"href":"https:\/\/youngcaritas.eu\/fr\/wp-json\/wp\/v2\/types\/post"}],"author":[{"embeddable":true,"href":"https:\/\/youngcaritas.eu\/fr\/wp-json\/wp\/v2\/users\/4"}],"replies":[{"embeddable":true,"href":"https:\/\/youngcaritas.eu\/fr\/wp-json\/wp\/v2\/comments?post=5044"}],"version-history":[{"count":0,"href":"https:\/\/youngcaritas.eu\/fr\/wp-json\/wp\/v2\/posts\/5044\/revisions"}],"wp:featuredmedia":[{"embeddable":true,"href":"https:\/\/youngcaritas.eu\/fr\/wp-json\/wp\/v2\/media\/4896"}],"wp:attachment":[{"href":"https:\/\/youngcaritas.eu\/fr\/wp-json\/wp\/v2\/media?parent=5044"}],"wp:term":[{"taxonomy":"category","embeddable":true,"href":"https:\/\/youngcaritas.eu\/fr\/wp-json\/wp\/v2\/categories?post=5044"},{"taxonomy":"post_tag","embeddable":true,"href":"https:\/\/youngcaritas.eu\/fr\/wp-json\/wp\/v2\/tags?post=5044"}],"curies":[{"name":"wp","href":"https:\/\/api.w.org\/{rel}","templated":true}]}}