{"id":5077,"date":"2016-09-20T12:43:50","date_gmt":"2016-09-20T10:43:50","guid":{"rendered":"https:\/\/youngcaritas.eu\/fluchtlinge-mitnehmen-rassembler-des-refugies-en-leveche-de-ruhr\/"},"modified":"2016-09-20T12:43:50","modified_gmt":"2016-09-20T10:43:50","slug":"fluchtlinge-mitnehmen-rassembler-des-refugies-en-leveche-de-ruhr","status":"publish","type":"post","link":"https:\/\/youngcaritas.eu\/fr\/fluchtlinge-mitnehmen-rassembler-des-refugies-en-leveche-de-ruhr\/","title":{"rendered":"\u201eFl\u00fcchtlinge mitnehmen (rassembler des refugies)\u201c en l&#8217;\u00e9v\u00each\u00e9 de Ruhr."},"content":{"rendered":"<p><strong>S&#8217;engagent simplement et efficacement pour des r\u00e9fugi\u00e9s : Le projet \u201eFl\u00fcchtlinge mitnehmen (rassembler des refugies)\u201c en l&#8217;\u00e9v\u00each\u00e9 de Ruhr.<\/strong><\/p>\n<p><a href=\"https:\/\/youngcaritas.eu\/wp-content\/uploads\/2016\/09\/A.jpg\"><img loading=\"lazy\" decoding=\"async\" class=\"alignnone wp-image-817 size-full\" src=\"https:\/\/youngcaritas.eu\/wp-content\/uploads\/2016\/09\/A.jpg\" width=\"981\" height=\"447\" srcset=\"https:\/\/youngcaritas.eu\/wp-content\/uploads\/2016\/09\/A.jpg 981w, https:\/\/youngcaritas.eu\/wp-content\/uploads\/2016\/09\/A-300x137.jpg 300w, https:\/\/youngcaritas.eu\/wp-content\/uploads\/2016\/09\/A-768x350.jpg 768w\" sizes=\"(max-width: 981px) 100vw, 981px\" \/><\/a><\/p>\n<p>&nbsp;<\/p>\n<p>Cela fait d\u00e9j\u00e0 depuis plus d\u2019un an que le projet \u00abFl\u00fcchtlinge mitnehmen (rassembler des refugies)\u00a0\u00bb fait partie du quotidien de Tobias Nitschk. A l\u2019\u00e9poque, une amie de Tobias avait appris l\u2019existence du projet sur Facebook et avait simplement \u00e9tal\u00e9 quelques badges dans la salle de conseil des \u00e9tudiants d\u2019un d\u00e9partement d\u2019un d\u00e9partement classique. Cela a suscit\u00e9 l\u2019int\u00e9r\u00eat des autres puis l\u2019augmentation du nombre de participants. Depuis, Tobias a toujours le badge fix\u00e9 au sac \u00e0 dos. Cela ne le d\u00e9range pas mais au contraire lui permet de faire conna\u00eetre le projet \u00e0 plus gens.<\/p>\n<p>Au d\u00e9but, il se demandait si cela allait marcher ou pas. Les personnes \u00e0 qui il proposait son aide \u00e9tait h\u00e9b\u00e9t\u00e9 par son gestion et on lisait de la r\u00e9ticence dans leurs visages. Plus tard, des personnes ayant compris le concept s\u2019adressaient \u00e0 lui pour en profiter. C\u2019est le cas de deux jeunes hommes qui se sont adress\u00e9s tr\u00e8s aimablement \u00e0 lui et l\u2019ont remerci\u00e9 \u00e0 la fin.<\/p>\n<p>Bien que cela ait dur\u00e9 longtemps avant qu\u2019il n\u2019arrive vraiment \u00e0 faire voyager quelqu\u2019un il ne s\u2019est pas d\u00e9courag\u00e9. Le badge du projet \u00ab\u00a0Fl\u00fcchtlinge mitnehmen\u00a0\u00bb est d\u00e9sormais connu de beaucoup de personnes. Tobias trouve le projet tr\u00e8s int\u00e9ressant et plusieurs personnes dans son cercle d\u2019amis portent le badge maintenant. Le projet n\u2019engendre pas de grosses d\u00e9penses. Avec ce projet, on peut quotidiennement apporter sa contribution \u00e0 l\u2019aide aux plus d\u00e9munis.<\/p>\n<p>Avec le projet, \u00ab\u00a0Fl\u00fcchtlinge mitnehmen\u00a0\u00bb chacun a un billet avec lequel il peut faire voyager une autre personne gratuitement. Par exemple avec le ticket de transport semestriel \u00e9tudiant, on peut prendre part au projet en Rhine-Westphalie du nord. Il suffit de porter simplement le badge bleu pour se faire reconna\u00eetre \u00e0 des gares, arr\u00eats d\u2019autobus et cetera pour des r\u00e9fugi\u00e9s. Actuellement, on re\u00e7oit le badge \u00e0 Duisburg, \u00e0 Essen, \u00e0 Bochum et \u00e0 Cologne.<br \/>\n<a href=\"https:\/\/fluechtlinge-mitnehmen.de\/\" target=\"_blank\" rel=\"noopener\"><br \/>\nwww.fluechtlinge-mitnehmen.de<\/a><\/p>\n","protected":false},"excerpt":{"rendered":"<p>S&#8217;engagent simplement et efficacement pour des r\u00e9fugi\u00e9s : Le projet \u201eFl\u00fcchtlinge mitnehmen (rassembler des refugies)\u201c en l&#8217;\u00e9v\u00each\u00e9 de Ruhr. &nbsp;<\/p>\n","protected":false},"author":4,"featured_media":4946,"comment_status":"open","ping_status":"open","sticky":false,"template":"","format":"standard","meta":{"_monsterinsights_skip_tracking":false,"_monsterinsights_sitenote_active":false,"_monsterinsights_sitenote_note":"","_monsterinsights_sitenote_category":0,"footnotes":"","_links_to":"","_links_to_target":""},"categories":[],"tags":[],"_links":{"self":[{"href":"https:\/\/youngcaritas.eu\/fr\/wp-json\/wp\/v2\/posts\/5077"}],"collection":[{"href":"https:\/\/youngcaritas.eu\/fr\/wp-json\/wp\/v2\/posts"}],"about":[{"href":"https:\/\/youngcaritas.eu\/fr\/wp-json\/wp\/v2\/types\/post"}],"author":[{"embeddable":true,"href":"https:\/\/youngcaritas.eu\/fr\/wp-json\/wp\/v2\/users\/4"}],"replies":[{"embeddable":true,"href":"https:\/\/youngcaritas.eu\/fr\/wp-json\/wp\/v2\/comments?post=5077"}],"version-history":[{"count":0,"href":"https:\/\/youngcaritas.eu\/fr\/wp-json\/wp\/v2\/posts\/5077\/revisions"}],"wp:featuredmedia":[{"embeddable":true,"href":"https:\/\/youngcaritas.eu\/fr\/wp-json\/wp\/v2\/media\/4946"}],"wp:attachment":[{"href":"https:\/\/youngcaritas.eu\/fr\/wp-json\/wp\/v2\/media?parent=5077"}],"wp:term":[{"taxonomy":"category","embeddable":true,"href":"https:\/\/youngcaritas.eu\/fr\/wp-json\/wp\/v2\/categories?post=5077"},{"taxonomy":"post_tag","embeddable":true,"href":"https:\/\/youngcaritas.eu\/fr\/wp-json\/wp\/v2\/tags?post=5077"}],"curies":[{"name":"wp","href":"https:\/\/api.w.org\/{rel}","templated":true}]}}