{"id":5179,"date":"2018-05-04T16:08:32","date_gmt":"2018-05-04T14:08:32","guid":{"rendered":"https:\/\/youngcaritas.eu\/la-jeunesse-au-coeur-de-laction-de-caritas\/"},"modified":"2018-05-04T16:08:32","modified_gmt":"2018-05-04T14:08:32","slug":"la-jeunesse-au-coeur-de-laction-de-caritas","status":"publish","type":"post","link":"https:\/\/youngcaritas.eu\/fr\/la-jeunesse-au-coeur-de-laction-de-caritas\/","title":{"rendered":"La jeunesse au coeur de l&#8217;action de Caritas"},"content":{"rendered":"<figure id=\"attachment_2715\" aria-describedby=\"caption-attachment-2715\" style=\"width: 644px\" class=\"wp-caption alignnone\"><a href=\"https:\/\/youngcaritas.eu\/wp-content\/uploads\/2018\/05\/yc_europe.jpg\"><img loading=\"lazy\" decoding=\"async\" class=\"size-full wp-image-2715\" src=\"https:\/\/youngcaritas.eu\/wp-content\/uploads\/2018\/05\/yc_europe.jpg\" alt=\"\" width=\"644\" height=\"300\" srcset=\"https:\/\/youngcaritas.eu\/wp-content\/uploads\/2018\/05\/yc_europe.jpg 644w, https:\/\/youngcaritas.eu\/wp-content\/uploads\/2018\/05\/yc_europe-300x140.jpg 300w\" sizes=\"(max-width: 644px) 100vw, 644px\" \/><\/a><figcaption id=\"caption-attachment-2715\" class=\"wp-caption-text\">YoungCaritasinEurope<\/figcaption><\/figure>\n<p><strong>Plus de 150 dirigeants et jeunes volontaires de toute l&#8217;Europe vont se rassembler \u00e0 Tbilissi la semaine prochaine pour une conf\u00e9rece de 3 jours sur les moyens de donner du pouvoir \u00e0 la jeunesse au sein du r\u00e9seau. <\/strong><\/p>\n<p>Les Caritas de 39 pays europ\u00e9ens vont ainsi se rassembler \u00e0 la Conf\u00e9rence R\u00e9gionale annuelle du r\u00e9seau entre le 7 et le 9 mai 2018. Cette ann\u00e9e, elle a lieu \u00e0 Tbilissi et est accueillie par Caritas G\u00e9orgie. Chaque organisation va participer en envoyant une d\u00e9l\u00e9gation compos\u00e9e de directeurs, secr\u00e9taires g\u00e9n\u00e9raux ou pr\u00e9sidents, et de\u00a0jeunes b\u00e9n\u00e9voles. Des rep\u00e9sentants de Caritas Europe seront \u00e9galement pr\u00e9sents.\u00a0Les exp\u00e9riences et t\u00e9moignages des participants vont permettre de d\u00e9velopper la participation des jeunes au sein du r\u00e9seau Caritas Europa, de l&#8217;Eglise\u00a0catholique, et de la soci\u00e9t\u00e9 dans son ensemble.<\/p>\n<p><em>\u201cCaritas est une grande famille avec un message extremement fort. Ensemble avec nos coll\u00e8gues et b\u00e9n\u00e9voles nous pouvons montrer l&#8217;exemple et faire une diff\u00e9rence pour les plus vuln\u00e9rables et pauvres. Dans ce sens, nous devons aussi donner l&#8217;opportunit\u00e9 aux jeunes d&#8217;exprimer leur solidarit\u00e9 et de prendre du pouvoir, de devenir des partiipants actifs dans leurs communaut\u00e9s.&#8221;, <\/em>dit Paul Galles, coordinateurs du b\u00e9n\u00e9volat solidaire \u00e0 Young Caritas Luxembourg et animateur du r\u00e9seau Young Caritas in Europe.<\/p>\n<p>Au sein de Caritas, beaucoup de jeunes sont d\u00e9j\u00e0 b\u00e9n\u00e9voles car ils souhaitent s&#8217;engager et aider les personnes dans le besoin dans leurs comunaut\u00e9s. A travers leurs actions, ils plaident pour la justice sociale et l&#8217;\u00e9galit\u00e9 des chances pour chacun.\u00a0Ils\u00a0veulent montrer l&#8217;exemple et cr\u00e9er un futur meilleur pour tous.<\/p>\n<p><em>\u201cNous sommes les \u00e9l\u00e8ves, les jeunes sont les professeurs. Young Caritas est important pour tout le r\u00e9seau, nous devons soutenir l&#8217;engagement des jeunes \u00e0 travers l&#8217;Europe. Young Caritas va\u00a0modeler l&#8217;image de Caritas dans l&#8217;Eglise et dans la soci\u00e9t\u00e9,\u00a0forgeant ainsi l&#8217;Europe d&#8217;aujourd&#8217;hui et demain&#8221; <\/em>dit Monseigneur Luc Van Looy, President de Caritas Europe et \u00e9veque de Gant.<\/p>\n<p>Caritas Europe promeut la participation des jeunes pour\u00a0qu&#8217;ils puissent\u00a0s&#8217;engager activement dans des actions\u00a0qui les affectent directement.\u00a0En donnant du pouvoir aux jeunes aujourd&#8217;hui, on assure demain une Europe juste, inclusive et sociale.<\/p>\n<p>A partir de: <a href=\"http:\/\/www.caritas.eu\/news\/youth-at-the-centre-of-caritas-action\">http:\/\/www.caritas.eu\/news\/youth-at-the-centre-of-caritas-action<\/a><\/p>\n<p><a href=\"https:\/\/youngcaritas.eu\/wp-content\/uploads\/2018\/02\/website-banner_en.jpg\"><img loading=\"lazy\" decoding=\"async\" class=\"size-full wp-image-2284 alignnone\" src=\"https:\/\/youngcaritas.eu\/wp-content\/uploads\/2018\/02\/website-banner_en.jpg\" alt=\"\" width=\"650\" height=\"311\" srcset=\"https:\/\/youngcaritas.eu\/wp-content\/uploads\/2018\/02\/website-banner_en.jpg 650w, https:\/\/youngcaritas.eu\/wp-content\/uploads\/2018\/02\/website-banner_en-300x144.jpg 300w\" sizes=\"(max-width: 650px) 100vw, 650px\" \/><\/a><\/p>\n<p><a href=\"https:\/\/youngcaritas.eu\/wp-content\/uploads\/2018\/05\/Toolkit_build_a_youngcaritas.pdf\">A quelles questions devez-vous r\u00e9pondre pour cr\u00e9er une YoungCaritas?<br \/>\nIci vous trouverew notre petit how to- toolkit \ud83d\ude42<\/a><\/p>\n","protected":false},"excerpt":{"rendered":"<p>Plus de 150 dirigeants et jeunes volontaires de toute l&#8217;Europe vont se rassembler \u00e0 Tbilissi la semaine prochaine pour une<\/p>\n","protected":false},"author":11,"featured_media":5705,"comment_status":"closed","ping_status":"open","sticky":false,"template":"","format":"standard","meta":{"_monsterinsights_skip_tracking":false,"_monsterinsights_sitenote_active":false,"_monsterinsights_sitenote_note":"","_monsterinsights_sitenote_category":0,"footnotes":"","_links_to":"","_links_to_target":""},"categories":[],"tags":[],"_links":{"self":[{"href":"https:\/\/youngcaritas.eu\/fr\/wp-json\/wp\/v2\/posts\/5179"}],"collection":[{"href":"https:\/\/youngcaritas.eu\/fr\/wp-json\/wp\/v2\/posts"}],"about":[{"href":"https:\/\/youngcaritas.eu\/fr\/wp-json\/wp\/v2\/types\/post"}],"author":[{"embeddable":true,"href":"https:\/\/youngcaritas.eu\/fr\/wp-json\/wp\/v2\/users\/11"}],"replies":[{"embeddable":true,"href":"https:\/\/youngcaritas.eu\/fr\/wp-json\/wp\/v2\/comments?post=5179"}],"version-history":[{"count":0,"href":"https:\/\/youngcaritas.eu\/fr\/wp-json\/wp\/v2\/posts\/5179\/revisions"}],"wp:featuredmedia":[{"embeddable":true,"href":"https:\/\/youngcaritas.eu\/fr\/wp-json\/wp\/v2\/media\/5705"}],"wp:attachment":[{"href":"https:\/\/youngcaritas.eu\/fr\/wp-json\/wp\/v2\/media?parent=5179"}],"wp:term":[{"taxonomy":"category","embeddable":true,"href":"https:\/\/youngcaritas.eu\/fr\/wp-json\/wp\/v2\/categories?post=5179"},{"taxonomy":"post_tag","embeddable":true,"href":"https:\/\/youngcaritas.eu\/fr\/wp-json\/wp\/v2\/tags?post=5179"}],"curies":[{"name":"wp","href":"https:\/\/api.w.org\/{rel}","templated":true}]}}