{"id":5200,"date":"2018-07-26T15:40:39","date_gmt":"2018-07-26T13:40:39","guid":{"rendered":"https:\/\/youngcaritas.eu\/des-etudiants-sexpriment-sur-leurope\/"},"modified":"2018-07-26T15:40:39","modified_gmt":"2018-07-26T13:40:39","slug":"des-etudiants-sexpriment-sur-leurope","status":"publish","type":"post","link":"https:\/\/youngcaritas.eu\/fr\/des-etudiants-sexpriment-sur-leurope\/","title":{"rendered":"Des \u00e9tudiants s&#8217;expriment sur l&#8217;Europe"},"content":{"rendered":"<p><span id=\"result_box\" class=\"\" lang=\"fr\"><strong><span class=\"\">La situation politique dans l&#8217;UE semble assez tendue pour le moment.<\/span> <span class=\"\">L&#8217;Europe est polaris\u00e9e, les opinions sont partag\u00e9es.<\/span><\/strong><\/span><\/p>\n<p><span class=\"\">On s&#8217;est pos\u00e9 la question : comment est-ce-que les jeunes se sentent face \u00e0 cette situation? On a donc d\u00e9cid\u00e9 d&#8217;aller dans la rue et de leur demander directement.<\/span> Est-ce qu&#8217;ils s&#8217;identifient avec l&#8217;Europe? <span class=\"\">Que voient-ils comme avantages et inconv\u00e9nients?<\/span><br \/>\nLieu : universit\u00e9 catholique de Fribourg, en Allemagne.<\/p>\n<p><iframe loading=\"lazy\" title=\"What do you think of Europe?\" width=\"840\" height=\"473\" src=\"https:\/\/www.youtube.com\/embed\/uxyAG2SsdJA?start=23&#038;feature=oembed\" frameborder=\"0\" allow=\"accelerometer; autoplay; clipboard-write; encrypted-media; gyroscope; picture-in-picture\" allowfullscreen><\/iframe><\/p>\n","protected":false},"excerpt":{"rendered":"<p>La situation politique dans l&#8217;UE semble assez tendue pour le moment. L&#8217;Europe est polaris\u00e9e, les opinions sont partag\u00e9es. On s&#8217;est<\/p>\n","protected":false},"author":14,"featured_media":5745,"comment_status":"closed","ping_status":"open","sticky":false,"template":"","format":"standard","meta":{"_monsterinsights_skip_tracking":false,"_monsterinsights_sitenote_active":false,"_monsterinsights_sitenote_note":"","_monsterinsights_sitenote_category":0,"footnotes":"","_links_to":"","_links_to_target":""},"categories":[],"tags":[],"_links":{"self":[{"href":"https:\/\/youngcaritas.eu\/fr\/wp-json\/wp\/v2\/posts\/5200"}],"collection":[{"href":"https:\/\/youngcaritas.eu\/fr\/wp-json\/wp\/v2\/posts"}],"about":[{"href":"https:\/\/youngcaritas.eu\/fr\/wp-json\/wp\/v2\/types\/post"}],"author":[{"embeddable":true,"href":"https:\/\/youngcaritas.eu\/fr\/wp-json\/wp\/v2\/users\/14"}],"replies":[{"embeddable":true,"href":"https:\/\/youngcaritas.eu\/fr\/wp-json\/wp\/v2\/comments?post=5200"}],"version-history":[{"count":0,"href":"https:\/\/youngcaritas.eu\/fr\/wp-json\/wp\/v2\/posts\/5200\/revisions"}],"wp:featuredmedia":[{"embeddable":true,"href":"https:\/\/youngcaritas.eu\/fr\/wp-json\/wp\/v2\/media\/5745"}],"wp:attachment":[{"href":"https:\/\/youngcaritas.eu\/fr\/wp-json\/wp\/v2\/media?parent=5200"}],"wp:term":[{"taxonomy":"category","embeddable":true,"href":"https:\/\/youngcaritas.eu\/fr\/wp-json\/wp\/v2\/categories?post=5200"},{"taxonomy":"post_tag","embeddable":true,"href":"https:\/\/youngcaritas.eu\/fr\/wp-json\/wp\/v2\/tags?post=5200"}],"curies":[{"name":"wp","href":"https:\/\/api.w.org\/{rel}","templated":true}]}}