{"id":5344,"date":"2022-09-26T13:47:30","date_gmt":"2022-09-26T11:47:30","guid":{"rendered":"https:\/\/youngcaritas.eu\/summer-university-2022\/"},"modified":"2022-09-26T13:47:30","modified_gmt":"2022-09-26T11:47:30","slug":"summer-university-2022","status":"publish","type":"post","link":"https:\/\/youngcaritas.eu\/fr\/summer-university-2022\/","title":{"rendered":"Summer University 2022"},"content":{"rendered":"<p><strong>Cinq jours ensoleill\u00e9s, pleins d&#8217;exp\u00e9riences, de d\u00e9couvertes et de plaisir.<\/strong><\/p>\n<p>Avec des engag\u00e9s de Vienne, d&#8217;Autriche, de Suisse, du Luxembourg et du Tyrol du Sud, nous avons particip\u00e9 du 05.09 au 10.09.2022 \u00e0 la youngcaritas-Summer University au bord de la M\u00e9diterran\u00e9e \u00e0 Caorle et nous avons \u00e9chang\u00e9 sur la crise climatique et le racisme.<\/p>\n<p>Pendant ces 5 jours, nous avons eu des ateliers, des actions, du temps libre en commun et des moments impressionnants.<\/p>\n<p>Au total, nous \u00e9tions 40 personnes engag\u00e9es, dont 11 participants de youngcaritas en Allemagne. Nous sommes pass\u00e9s par Fribourg, Zurich et Milan en train et nous nous sommes retrouv\u00e9s dans une maison de youngCaritas Tyrol du Sud, directement au bord de la mer, avec les autres engag\u00e9s de Vienne, d&#8217;Autriche, de Suisse, du Luxembourg et du Tyrol du Sud.<\/p>\n<figure id=\"attachment_4753\" aria-describedby=\"caption-attachment-4753\" style=\"width: 548px\" class=\"wp-caption aligncenter\"><a href=\"https:\/\/youngcaritas.eu\/wp-content\/uploads\/2022\/09\/20220910_072923-scaled.jpg\"><img loading=\"lazy\" decoding=\"async\" class=\"wp-image-4753 \" src=\"https:\/\/youngcaritas.eu\/wp-content\/uploads\/2022\/09\/20220910_072923-1024x498.jpg\" alt=\"Meer, Unterkunft \" width=\"548\" height=\"267\" srcset=\"https:\/\/youngcaritas.eu\/wp-content\/uploads\/2022\/09\/20220910_072923-1024x498.jpg 1024w, https:\/\/youngcaritas.eu\/wp-content\/uploads\/2022\/09\/20220910_072923-300x146.jpg 300w, https:\/\/youngcaritas.eu\/wp-content\/uploads\/2022\/09\/20220910_072923-768x373.jpg 768w, https:\/\/youngcaritas.eu\/wp-content\/uploads\/2022\/09\/20220910_072923-1536x747.jpg 1536w, https:\/\/youngcaritas.eu\/wp-content\/uploads\/2022\/09\/20220910_072923-2048x996.jpg 2048w\" sizes=\"(max-width: 548px) 100vw, 548px\" \/><\/a><figcaption id=\"caption-attachment-4753\" class=\"wp-caption-text\">Unterkunft in Caorle<\/figcaption><\/figure>\n<p><strong>Une jeune g\u00e9n\u00e9ration engag\u00e9e partout dans le monde<\/strong><\/p>\n<p>Tutai Herman et Eleanor Wichman de la Caritas Oceania Youth Alliance ont parl\u00e9 de leur engagement pour l&#8217;environnement dans les \u00eeles Cook. Bright Nnadi de Bolzano nous a parl\u00e9 de son engagement au sein de l&#8217;association Igbo Union pour la d\u00e9mocratie au Nigeria.<\/p>\n<p>Lors d&#8217;un atelier en ligne avec Dennis Sadiq Kirschbaum de l&#8217;organisation glokal de Berlin, nous avons parl\u00e9 de racisme, d&#8217;antis\u00e9mitisme, de violence et de genre.<\/p>\n<p>Nous nous sommes particuli\u00e8rement souvenus de la soir\u00e9e de projection commune du film Bigger than us, dans lequel on a parl\u00e9 de la fuite \u00e0 travers la M\u00e9diterran\u00e9e, des mariages forc\u00e9s au B\u00e9nin et de l&#8217;\u00e9ducation des enfants au Liban.<\/p>\n<figure id=\"attachment_4762\" aria-describedby=\"caption-attachment-4762\" style=\"width: 366px\" class=\"wp-caption aligncenter\"><a href=\"https:\/\/youngcaritas.eu\/wp-content\/uploads\/2022\/09\/IMG_9664-scaled.jpg\"><img loading=\"lazy\" decoding=\"async\" class=\"wp-image-4762 \" src=\"https:\/\/youngcaritas.eu\/wp-content\/uploads\/2022\/09\/IMG_9664-768x1024.jpg\" alt=\"Filmabend\" width=\"366\" height=\"488\" srcset=\"https:\/\/youngcaritas.eu\/wp-content\/uploads\/2022\/09\/IMG_9664-768x1024.jpg 768w, https:\/\/youngcaritas.eu\/wp-content\/uploads\/2022\/09\/IMG_9664-225x300.jpg 225w, https:\/\/youngcaritas.eu\/wp-content\/uploads\/2022\/09\/IMG_9664-1152x1536.jpg 1152w, https:\/\/youngcaritas.eu\/wp-content\/uploads\/2022\/09\/IMG_9664-1536x2048.jpg 1536w, https:\/\/youngcaritas.eu\/wp-content\/uploads\/2022\/09\/IMG_9664-scaled.jpg 1920w\" sizes=\"(max-width: 366px) 100vw, 366px\" \/><\/a><figcaption id=\"caption-attachment-4762\" class=\"wp-caption-text\">Bigger than us<\/figcaption><\/figure>\n<p>Tourn\u00e9 \u00e0 diff\u00e9rents endroits du monde, il montre une jeune g\u00e9n\u00e9ration engag\u00e9e qui se bat pour les droits de l&#8217;homme, le climat, la libert\u00e9 d&#8217;expression et la justice sociale, pour la dignit\u00e9 de chacun. Qui se bat pour l&#8217;humanit\u00e9, pour que chacun ait acc\u00e8s \u00e0 l&#8217;\u00e9ducation et pour que tous soient nourris. Avec un courage et un engagement sans faille, ces jeunes se l\u00e8vent partout dans le monde, de Rio \u00e0 Jakarta, et montrent ce que cela signifie d&#8217;\u00eatre au monde et d&#8217;assumer des responsabilit\u00e9s.<\/p>\n<p><strong>Venise &#8211; ville dans la mer<\/strong><\/p>\n<p>La visite guid\u00e9e de Venise \u00e9tait tr\u00e8s excitante, nous avons parl\u00e9 des effets de la crise climatique tels que les inondations et les crues, et nous avons appris quelque chose sur les dangers qui menacent Venise dans le futur.<\/p>\n<p>Lors de la visite guid\u00e9e, nous avons appris beaucoup de choses, comme par exemple que la province de Venise a \u00e9t\u00e9 construite sur plus de 100 \u00eeles au milieu de la lagune d&#8217;une mer int\u00e9rieure peu profonde. Les petites \u00eeles sont reli\u00e9es entre elles par plus de 400 ponts. Et c&#8217;est pr\u00e9cis\u00e9ment ce qui rend la ville sur pilotis si unique et si particuli\u00e8re.<\/p>\n<figure id=\"attachment_4774\" aria-describedby=\"caption-attachment-4774\" style=\"width: 384px\" class=\"wp-caption aligncenter\"><a href=\"https:\/\/youngcaritas.eu\/wp-content\/uploads\/2022\/09\/IMG_0419-scaled.jpg\"><img loading=\"lazy\" decoding=\"async\" class=\"wp-image-4774 \" src=\"https:\/\/youngcaritas.eu\/wp-content\/uploads\/2022\/09\/IMG_0419-768x1024.jpg\" alt=\"Stadtf\u00fchrerin \" width=\"384\" height=\"512\" srcset=\"https:\/\/youngcaritas.eu\/wp-content\/uploads\/2022\/09\/IMG_0419-768x1024.jpg 768w, https:\/\/youngcaritas.eu\/wp-content\/uploads\/2022\/09\/IMG_0419-225x300.jpg 225w, https:\/\/youngcaritas.eu\/wp-content\/uploads\/2022\/09\/IMG_0419-1152x1536.jpg 1152w, https:\/\/youngcaritas.eu\/wp-content\/uploads\/2022\/09\/IMG_0419-1536x2048.jpg 1536w, https:\/\/youngcaritas.eu\/wp-content\/uploads\/2022\/09\/IMG_0419-scaled.jpg 1920w\" sizes=\"(max-width: 384px) 100vw, 384px\" \/><\/a><figcaption id=\"caption-attachment-4774\" class=\"wp-caption-text\">Stadtf\u00fchrerin in Venedig<\/figcaption><\/figure>\n<p>Lorsque nous avons demand\u00e9 \u00e0 la guide en quoi consistaient les pilotis de Venise, elle nous a r\u00e9pondu : &#8220;En fait, seules les fa\u00e7ades c\u00f4t\u00e9 canal reposent sur des troncs d&#8217;arbre. Pour les pieux en bois situ\u00e9s dans le sous-sol, on a utilis\u00e9 du ch\u00eane, sur lequel on a clou\u00e9 des planches de m\u00e9l\u00e8ze. Le m\u00e9l\u00e8ze sib\u00e9rien est un bois particuli\u00e8rement stable qui devient encore plus dur au contact de l&#8217;eau. Il est important de noter que cette construction en bois est enti\u00e8rement immerg\u00e9e dans l&#8217;eau, car le bois n&#8217;est \u00e9ternel que s&#8217;il n&#8217;est pas en contact avec l&#8217;air.<\/p>\n<p>Venise est r\u00e9guli\u00e8rement inond\u00e9e. En raison de la crise climatique, les inondations sont de plus en plus fr\u00e9quentes et de plus en plus fortes. Lorsque la ville lagunaire a \u00e9t\u00e9 surprise par un violent orage en d\u00e9cembre 2020, le nouveau syst\u00e8me de protection contre les inondations de l&#8217;\u00e9poque, appel\u00e9 &#8220;Mose&#8221;, n&#8217;a pas pu emp\u00eacher les masses d&#8217;eau d&#8217;atteindre la ville. Pour prot\u00e9ger la basilique Saint-Marc, un nouveau syst\u00e8me en verre est actuellement en cours d&#8217;installation. Mais il pourrait \u00eatre trop tard : les climatologues pr\u00e9voient une hausse massive du niveau de la mer.<\/p>\n<figure id=\"attachment_4755\" aria-describedby=\"caption-attachment-4755\" style=\"width: 363px\" class=\"wp-caption aligncenter\"><a href=\"https:\/\/youngcaritas.eu\/wp-content\/uploads\/2022\/09\/IMG_E0409-scaled.jpg\"><img loading=\"lazy\" decoding=\"async\" class=\"wp-image-4755 \" src=\"https:\/\/youngcaritas.eu\/wp-content\/uploads\/2022\/09\/IMG_E0409-768x1024.jpg\" alt=\"Schiffe in Venedig \" width=\"363\" height=\"484\" srcset=\"https:\/\/youngcaritas.eu\/wp-content\/uploads\/2022\/09\/IMG_E0409-768x1024.jpg 768w, https:\/\/youngcaritas.eu\/wp-content\/uploads\/2022\/09\/IMG_E0409-225x300.jpg 225w, https:\/\/youngcaritas.eu\/wp-content\/uploads\/2022\/09\/IMG_E0409-1152x1536.jpg 1152w, https:\/\/youngcaritas.eu\/wp-content\/uploads\/2022\/09\/IMG_E0409-1536x2048.jpg 1536w, https:\/\/youngcaritas.eu\/wp-content\/uploads\/2022\/09\/IMG_E0409-scaled.jpg 1920w\" sizes=\"(max-width: 363px) 100vw, 363px\" \/><\/a><figcaption id=\"caption-attachment-4755\" class=\"wp-caption-text\">Stadtf\u00fchrung in Venedig<\/figcaption><\/figure>\n<p>Lors d&#8217;une action de collecte, nous avons ramass\u00e9 en moins de 30 minutes des masses de plastique sur la plage. Nous avons transform\u00e9 ces d\u00e9chets en une exposition d&#8217;art.<br \/>\nEntre nos actions, nous avions toujours du temps libre. Chacun a pu faire preuve de cr\u00e9ativit\u00e9 et passer beaucoup de temps \u00e0 la mer. Nous avons aussi pu d\u00e9penser notre \u00e9nergie en jouant au volley-ball et nous avons pass\u00e9 un bon moment.<\/p>\n<p>Le dernier jour, nous avons rassembl\u00e9 et discut\u00e9 de nos impressions lors d&#8217;un barcamp, puis nous avons r\u00e9fl\u00e9chi \u00e0 des projets que nous voulions mettre en \u0153uvre.<\/p>\n<p>Notre soir\u00e9e d&#8217;adieu autour du feu a \u00e9t\u00e9 un moment \u00e9motionnel et inoubliable. Beaucoup ont mis des mots sur leurs sentiments chaleureux et nous ont remerci\u00e9s jusqu&#8217;\u00e0 ce que les larmes coulent.<\/p>\n<figure id=\"attachment_4761\" aria-describedby=\"caption-attachment-4761\" style=\"width: 377px\" class=\"wp-caption aligncenter\"><a href=\"https:\/\/youngcaritas.eu\/wp-content\/uploads\/2022\/09\/bild2-scaled.jpg\"><img loading=\"lazy\" decoding=\"async\" class=\"wp-image-4761 \" src=\"https:\/\/youngcaritas.eu\/wp-content\/uploads\/2022\/09\/bild2-768x1024.jpg\" alt=\"Lagerfeuer\" width=\"377\" height=\"503\" srcset=\"https:\/\/youngcaritas.eu\/wp-content\/uploads\/2022\/09\/bild2-768x1024.jpg 768w, https:\/\/youngcaritas.eu\/wp-content\/uploads\/2022\/09\/bild2-225x300.jpg 225w, https:\/\/youngcaritas.eu\/wp-content\/uploads\/2022\/09\/bild2-1152x1536.jpg 1152w, https:\/\/youngcaritas.eu\/wp-content\/uploads\/2022\/09\/bild2-1536x2048.jpg 1536w, https:\/\/youngcaritas.eu\/wp-content\/uploads\/2022\/09\/bild2-scaled.jpg 1920w\" sizes=\"(max-width: 377px) 100vw, 377px\" \/><\/a><figcaption id=\"caption-attachment-4761\" class=\"wp-caption-text\">Abschiedsabend<\/figcaption><\/figure>\n<p>Un grand merci \u00e0 tous ceux qui \u00e9taient avec nous et qui nous ont permis de vivre ces moments pr\u00e9cieux. Merci de nous avoir r\u00e9unis et de nous avoir permis de rencontrer des personnes formidables. Merci \u00e0 nous tous, car nous pensons \u00e0 l&#8217;avenir et ne nous arr\u00eaterons pas tant que nous n&#8217;aurons pas chang\u00e9 le monde.<\/p>\n<p>Merci \u00e0 youngCaritas S\u00fcdtirol en tant qu&#8217;h\u00f4te, au r\u00e9seau YoungCaritas in Europe et au programme Erasmus+ de l&#8217;Union europ\u00e9enne, qui a financ\u00e9 l&#8217;universit\u00e9 d&#8217;\u00e9t\u00e9.<\/p>\n<p>Yumna Rahhal, youngcaritas Allemand<\/p>\n<p><iframe loading=\"lazy\" title=\"Summer University 2022 in Caorle\" width=\"840\" height=\"473\" src=\"https:\/\/www.youtube.com\/embed\/I3sOxcB344c?feature=oembed\" frameborder=\"0\" allow=\"accelerometer; autoplay; clipboard-write; encrypted-media; gyroscope; picture-in-picture\" allowfullscreen><\/iframe><\/p>\n<div id='gallery-1' class='gallery galleryid-5344 gallery-columns-3 gallery-size-thumbnail'><figure class='gallery-item'>\n\t\t\t<div class='gallery-icon landscape'>\n\t\t\t\t<a href='https:\/\/youngcaritas.eu\/fr\/summer-university-2022\/img_1150-1-2\/'><img loading=\"lazy\" decoding=\"async\" width=\"150\" height=\"150\" src=\"https:\/\/youngcaritas.eu\/wp-content\/uploads\/2022\/09\/IMG_1150-1-150x150.png\" class=\"attachment-thumbnail size-thumbnail\" alt=\"\" aria-describedby=\"gallery-1-6453\" \/><\/a>\n\t\t\t<\/div>\n\t\t\t\t<figcaption class='wp-caption-text gallery-caption' id='gallery-1-6453'>\n\t\t\t\tGruppenfoto in Venedig\n\t\t\t\t<\/figcaption><\/figure><figure class='gallery-item'>\n\t\t\t<div class='gallery-icon landscape'>\n\t\t\t\t<a href='https:\/\/youngcaritas.eu\/fr\/summer-university-2022\/20220910_072923-2\/'><img loading=\"lazy\" decoding=\"async\" width=\"150\" height=\"150\" src=\"https:\/\/youngcaritas.eu\/wp-content\/uploads\/2022\/09\/20220910_072923-150x150.jpg\" class=\"attachment-thumbnail size-thumbnail\" alt=\"\" aria-describedby=\"gallery-1-6409\" \/><\/a>\n\t\t\t<\/div>\n\t\t\t\t<figcaption class='wp-caption-text gallery-caption' id='gallery-1-6409'>\n\t\t\t\tUnterkunft in Caorle\n\t\t\t\t<\/figcaption><\/figure><figure class='gallery-item'>\n\t\t\t<div class='gallery-icon portrait'>\n\t\t\t\t<a href='https:\/\/youngcaritas.eu\/fr\/summer-university-2022\/img_e9567-2\/'><img loading=\"lazy\" decoding=\"async\" width=\"150\" height=\"150\" src=\"https:\/\/youngcaritas.eu\/wp-content\/uploads\/2022\/09\/IMG_E9567-150x150.jpg\" class=\"attachment-thumbnail size-thumbnail\" alt=\"\" aria-describedby=\"gallery-1-6449\" \/><\/a>\n\t\t\t<\/div>\n\t\t\t\t<figcaption class='wp-caption-text gallery-caption' id='gallery-1-6449'>\n\t\t\t\tFragerunde\n\t\t\t\t<\/figcaption><\/figure><figure class='gallery-item'>\n\t\t\t<div class='gallery-icon landscape'>\n\t\t\t\t<a href='https:\/\/youngcaritas.eu\/fr\/summer-university-2022\/20220909_161444-2\/'><img loading=\"lazy\" decoding=\"async\" width=\"150\" height=\"150\" src=\"https:\/\/youngcaritas.eu\/wp-content\/uploads\/2022\/09\/20220909_161444-150x150.jpg\" class=\"attachment-thumbnail size-thumbnail\" alt=\"\" aria-describedby=\"gallery-1-6447\" \/><\/a>\n\t\t\t<\/div>\n\t\t\t\t<figcaption class='wp-caption-text gallery-caption' id='gallery-1-6447'>\n\t\t\t\tErgebnissammlung\n\t\t\t\t<\/figcaption><\/figure><figure class='gallery-item'>\n\t\t\t<div class='gallery-icon portrait'>\n\t\t\t\t<a href='https:\/\/youngcaritas.eu\/fr\/summer-university-2022\/20220909_142217-2\/'><img loading=\"lazy\" decoding=\"async\" width=\"150\" height=\"150\" src=\"https:\/\/youngcaritas.eu\/wp-content\/uploads\/2022\/09\/20220909_142217-150x150.jpg\" class=\"attachment-thumbnail size-thumbnail\" alt=\"\" aria-describedby=\"gallery-1-6423\" \/><\/a>\n\t\t\t<\/div>\n\t\t\t\t<figcaption class='wp-caption-text gallery-caption' id='gallery-1-6423'>\n\t\t\t\tVorstellung\n\t\t\t\t<\/figcaption><\/figure><figure class='gallery-item'>\n\t\t\t<div class='gallery-icon landscape'>\n\t\t\t\t<a href='https:\/\/youngcaritas.eu\/fr\/summer-university-2022\/img_0808-2\/'><img loading=\"lazy\" decoding=\"async\" width=\"150\" height=\"150\" src=\"https:\/\/youngcaritas.eu\/wp-content\/uploads\/2022\/09\/IMG_0808-150x150.jpg\" class=\"attachment-thumbnail size-thumbnail\" alt=\"\" aria-describedby=\"gallery-1-6429\" \/><\/a>\n\t\t\t<\/div>\n\t\t\t\t<figcaption class='wp-caption-text gallery-caption' id='gallery-1-6429'>\n\t\t\t\tGruppenarbeit\n\t\t\t\t<\/figcaption><\/figure><figure class='gallery-item'>\n\t\t\t<div class='gallery-icon landscape'>\n\t\t\t\t<a href='https:\/\/youngcaritas.eu\/fr\/summer-university-2022\/20220909_110937-2\/'><img loading=\"lazy\" decoding=\"async\" width=\"150\" height=\"150\" src=\"https:\/\/youngcaritas.eu\/wp-content\/uploads\/2022\/09\/20220909_110937-150x150.jpg\" class=\"attachment-thumbnail size-thumbnail\" alt=\"\" aria-describedby=\"gallery-1-6421\" \/><\/a>\n\t\t\t<\/div>\n\t\t\t\t<figcaption class='wp-caption-text gallery-caption' id='gallery-1-6421'>\n\t\t\t\tGruppenarbeit \n\t\t\t\t<\/figcaption><\/figure><figure class='gallery-item'>\n\t\t\t<div class='gallery-icon landscape'>\n\t\t\t\t<a href='https:\/\/youngcaritas.eu\/fr\/summer-university-2022\/20220909_111013-2\/'><img loading=\"lazy\" decoding=\"async\" width=\"150\" height=\"150\" src=\"https:\/\/youngcaritas.eu\/wp-content\/uploads\/2022\/09\/20220909_111013-150x150.jpg\" class=\"attachment-thumbnail size-thumbnail\" alt=\"\" aria-describedby=\"gallery-1-6445\" \/><\/a>\n\t\t\t<\/div>\n\t\t\t\t<figcaption class='wp-caption-text gallery-caption' id='gallery-1-6445'>\n\t\t\t\tErgebnissammlung\n\t\t\t\t<\/figcaption><\/figure><figure class='gallery-item'>\n\t\t\t<div class='gallery-icon landscape'>\n\t\t\t\t<a href='https:\/\/youngcaritas.eu\/fr\/summer-university-2022\/bild-2\/'><img loading=\"lazy\" decoding=\"async\" width=\"150\" height=\"150\" src=\"https:\/\/youngcaritas.eu\/wp-content\/uploads\/2022\/09\/bild-150x150.jpg\" class=\"attachment-thumbnail size-thumbnail\" alt=\"\" aria-describedby=\"gallery-1-6443\" \/><\/a>\n\t\t\t<\/div>\n\t\t\t\t<figcaption class='wp-caption-text gallery-caption' id='gallery-1-6443'>\n\t\t\t\tGruppenfoto, Plastic- fantastic\n\t\t\t\t<\/figcaption><\/figure><figure class='gallery-item'>\n\t\t\t<div class='gallery-icon landscape'>\n\t\t\t\t<a href='https:\/\/youngcaritas.eu\/fr\/summer-university-2022\/_dsc2967-2\/'><img loading=\"lazy\" decoding=\"async\" width=\"150\" height=\"150\" src=\"https:\/\/youngcaritas.eu\/wp-content\/uploads\/2022\/09\/DSC2967-150x150.jpg\" class=\"attachment-thumbnail size-thumbnail\" alt=\"\" aria-describedby=\"gallery-1-6415\" \/><\/a>\n\t\t\t<\/div>\n\t\t\t\t<figcaption class='wp-caption-text gallery-caption' id='gallery-1-6415'>\n\t\t\t\tPlastic- fantastic\n\t\t\t\t<\/figcaption><\/figure><figure class='gallery-item'>\n\t\t\t<div class='gallery-icon landscape'>\n\t\t\t\t<a href='https:\/\/youngcaritas.eu\/fr\/summer-university-2022\/_dsc2973-2\/'><img loading=\"lazy\" decoding=\"async\" width=\"150\" height=\"150\" src=\"https:\/\/youngcaritas.eu\/wp-content\/uploads\/2022\/09\/DSC2973-150x150.jpg\" class=\"attachment-thumbnail size-thumbnail\" alt=\"\" aria-describedby=\"gallery-1-6417\" \/><\/a>\n\t\t\t<\/div>\n\t\t\t\t<figcaption class='wp-caption-text gallery-caption' id='gallery-1-6417'>\n\t\t\t\tPlastic- fantastic\n\t\t\t\t<\/figcaption><\/figure><figure class='gallery-item'>\n\t\t\t<div class='gallery-icon portrait'>\n\t\t\t\t<a href='https:\/\/youngcaritas.eu\/fr\/summer-university-2022\/img_9619-2\/'><img loading=\"lazy\" decoding=\"async\" width=\"150\" height=\"150\" src=\"https:\/\/youngcaritas.eu\/wp-content\/uploads\/2022\/09\/IMG_9619-150x150.jpg\" class=\"attachment-thumbnail size-thumbnail\" alt=\"\" aria-describedby=\"gallery-1-6411\" \/><\/a>\n\t\t\t<\/div>\n\t\t\t\t<figcaption class='wp-caption-text gallery-caption' id='gallery-1-6411'>\n\t\t\t\tFreizeit am Strand \n\t\t\t\t<\/figcaption><\/figure><figure class='gallery-item'>\n\t\t\t<div class='gallery-icon portrait'>\n\t\t\t\t<a href='https:\/\/youngcaritas.eu\/fr\/summer-university-2022\/img_e9629-2\/'><img loading=\"lazy\" decoding=\"async\" width=\"150\" height=\"150\" src=\"https:\/\/youngcaritas.eu\/wp-content\/uploads\/2022\/09\/IMG_E9629-150x150.jpg\" class=\"attachment-thumbnail size-thumbnail\" alt=\"\" aria-describedby=\"gallery-1-6431\" \/><\/a>\n\t\t\t<\/div>\n\t\t\t\t<figcaption class='wp-caption-text gallery-caption' id='gallery-1-6431'>\n\t\t\t\tFreizeit\n\t\t\t\t<\/figcaption><\/figure><figure class='gallery-item'>\n\t\t\t<div class='gallery-icon landscape'>\n\t\t\t\t<a href='https:\/\/youngcaritas.eu\/fr\/summer-university-2022\/20220908_103837-2\/'><img loading=\"lazy\" decoding=\"async\" width=\"150\" height=\"150\" src=\"https:\/\/youngcaritas.eu\/wp-content\/uploads\/2022\/09\/20220908_103837-150x150.jpg\" class=\"attachment-thumbnail size-thumbnail\" alt=\"\" aria-describedby=\"gallery-1-6419\" \/><\/a>\n\t\t\t<\/div>\n\t\t\t\t<figcaption class='wp-caption-text gallery-caption' id='gallery-1-6419'>\n\t\t\t\tGruppenfoto \n\t\t\t\t<\/figcaption><\/figure><figure class='gallery-item'>\n\t\t\t<div class='gallery-icon portrait'>\n\t\t\t\t<a href='https:\/\/youngcaritas.eu\/fr\/summer-university-2022\/img_0419-2\/'><img loading=\"lazy\" decoding=\"async\" width=\"150\" height=\"150\" src=\"https:\/\/youngcaritas.eu\/wp-content\/uploads\/2022\/09\/IMG_0419-150x150.jpg\" class=\"attachment-thumbnail size-thumbnail\" alt=\"\" aria-describedby=\"gallery-1-6451\" \/><\/a>\n\t\t\t<\/div>\n\t\t\t\t<figcaption class='wp-caption-text gallery-caption' id='gallery-1-6451'>\n\t\t\t\tStadtf\u00fchrerin in Venedig\n\t\t\t\t<\/figcaption><\/figure><figure class='gallery-item'>\n\t\t\t<div class='gallery-icon portrait'>\n\t\t\t\t<a href='https:\/\/youngcaritas.eu\/fr\/summer-university-2022\/iwai0881-2\/'><img loading=\"lazy\" decoding=\"async\" width=\"150\" height=\"150\" src=\"https:\/\/youngcaritas.eu\/wp-content\/uploads\/2022\/09\/IWAI0881-150x150.jpg\" class=\"attachment-thumbnail size-thumbnail\" alt=\"\" aria-describedby=\"gallery-1-6441\" \/><\/a>\n\t\t\t<\/div>\n\t\t\t\t<figcaption class='wp-caption-text gallery-caption' id='gallery-1-6441'>\n\t\t\t\tStadtf\u00fchrung\n\t\t\t\t<\/figcaption><\/figure><figure class='gallery-item'>\n\t\t\t<div class='gallery-icon portrait'>\n\t\t\t\t<a href='https:\/\/youngcaritas.eu\/fr\/summer-university-2022\/img_0413-2\/'><img loading=\"lazy\" decoding=\"async\" width=\"150\" height=\"150\" src=\"https:\/\/youngcaritas.eu\/wp-content\/uploads\/2022\/09\/IMG_0413-150x150.jpg\" class=\"attachment-thumbnail size-thumbnail\" alt=\"\" aria-describedby=\"gallery-1-6439\" \/><\/a>\n\t\t\t<\/div>\n\t\t\t\t<figcaption class='wp-caption-text gallery-caption' id='gallery-1-6439'>\n\t\t\t\tStadtf\u00fchrung\n\t\t\t\t<\/figcaption><\/figure><figure class='gallery-item'>\n\t\t\t<div class='gallery-icon portrait'>\n\t\t\t\t<a href='https:\/\/youngcaritas.eu\/fr\/summer-university-2022\/img_0688-2\/'><img loading=\"lazy\" decoding=\"async\" width=\"150\" height=\"150\" src=\"https:\/\/youngcaritas.eu\/wp-content\/uploads\/2022\/09\/IMG_0688-150x150.jpg\" class=\"attachment-thumbnail size-thumbnail\" alt=\"\" aria-describedby=\"gallery-1-6437\" \/><\/a>\n\t\t\t<\/div>\n\t\t\t\t<figcaption class='wp-caption-text gallery-caption' id='gallery-1-6437'>\n\t\t\t\tStadtf\u00fchrung\n\t\t\t\t<\/figcaption><\/figure><figure class='gallery-item'>\n\t\t\t<div class='gallery-icon portrait'>\n\t\t\t\t<a href='https:\/\/youngcaritas.eu\/fr\/summer-university-2022\/img_0438-2\/'><img loading=\"lazy\" decoding=\"async\" width=\"150\" height=\"150\" src=\"https:\/\/youngcaritas.eu\/wp-content\/uploads\/2022\/09\/IMG_0438-150x150.jpg\" class=\"attachment-thumbnail size-thumbnail\" alt=\"\" aria-describedby=\"gallery-1-6435\" \/><\/a>\n\t\t\t<\/div>\n\t\t\t\t<figcaption class='wp-caption-text gallery-caption' id='gallery-1-6435'>\n\t\t\t\tStadtf\u00fchrung\n\t\t\t\t<\/figcaption><\/figure><figure class='gallery-item'>\n\t\t\t<div class='gallery-icon portrait'>\n\t\t\t\t<a href='https:\/\/youngcaritas.eu\/fr\/summer-university-2022\/img_e0409-2\/'><img loading=\"lazy\" decoding=\"async\" width=\"150\" height=\"150\" src=\"https:\/\/youngcaritas.eu\/wp-content\/uploads\/2022\/09\/IMG_E0409-150x150.jpg\" class=\"attachment-thumbnail size-thumbnail\" alt=\"\" aria-describedby=\"gallery-1-6413\" \/><\/a>\n\t\t\t<\/div>\n\t\t\t\t<figcaption class='wp-caption-text gallery-caption' id='gallery-1-6413'>\n\t\t\t\tStadtf\u00fchrung in Venedig\n\t\t\t\t<\/figcaption><\/figure><figure class='gallery-item'>\n\t\t\t<div class='gallery-icon portrait'>\n\t\t\t\t<a href='https:\/\/youngcaritas.eu\/fr\/summer-university-2022\/img_9664-2\/'><img loading=\"lazy\" decoding=\"async\" width=\"150\" height=\"150\" src=\"https:\/\/youngcaritas.eu\/wp-content\/uploads\/2022\/09\/IMG_9664-150x150.jpg\" class=\"attachment-thumbnail size-thumbnail\" alt=\"\" aria-describedby=\"gallery-1-6427\" \/><\/a>\n\t\t\t<\/div>\n\t\t\t\t<figcaption class='wp-caption-text gallery-caption' id='gallery-1-6427'>\n\t\t\t\tBigger than us\n\t\t\t\t<\/figcaption><\/figure><figure class='gallery-item'>\n\t\t\t<div class='gallery-icon portrait'>\n\t\t\t\t<a href='https:\/\/youngcaritas.eu\/fr\/summer-university-2022\/img_9722-2\/'><img loading=\"lazy\" decoding=\"async\" width=\"150\" height=\"150\" src=\"https:\/\/youngcaritas.eu\/wp-content\/uploads\/2022\/09\/IMG_9722-150x150.jpg\" class=\"attachment-thumbnail size-thumbnail\" alt=\"\" aria-describedby=\"gallery-1-6433\" \/><\/a>\n\t\t\t<\/div>\n\t\t\t\t<figcaption class='wp-caption-text gallery-caption' id='gallery-1-6433'>\n\t\t\t\tGruppenarbeit\n\t\t\t\t<\/figcaption><\/figure><figure class='gallery-item'>\n\t\t\t<div class='gallery-icon portrait'>\n\t\t\t\t<a href='https:\/\/youngcaritas.eu\/fr\/summer-university-2022\/bild2-2\/'><img loading=\"lazy\" decoding=\"async\" width=\"150\" height=\"150\" src=\"https:\/\/youngcaritas.eu\/wp-content\/uploads\/2022\/09\/bild2-150x150.jpg\" class=\"attachment-thumbnail size-thumbnail\" alt=\"\" aria-describedby=\"gallery-1-6425\" \/><\/a>\n\t\t\t<\/div>\n\t\t\t\t<figcaption class='wp-caption-text gallery-caption' id='gallery-1-6425'>\n\t\t\t\tAbschiedsabend\n\t\t\t\t<\/figcaption><\/figure>\n\t\t<\/div>\n\n","protected":false},"excerpt":{"rendered":"<p>Cinq jours ensoleill\u00e9s, pleins d&#8217;exp\u00e9riences, de d\u00e9couvertes et de plaisir. Avec des engag\u00e9s de Vienne, d&#8217;Autriche, de Suisse, du Luxembourg<\/p>\n","protected":false},"author":4,"featured_media":6453,"comment_status":"closed","ping_status":"open","sticky":false,"template":"","format":"standard","meta":{"_monsterinsights_skip_tracking":false,"_monsterinsights_sitenote_active":false,"_monsterinsights_sitenote_note":"","_monsterinsights_sitenote_category":0,"footnotes":"","_links_to":"","_links_to_target":""},"categories":[],"tags":[],"_links":{"self":[{"href":"https:\/\/youngcaritas.eu\/fr\/wp-json\/wp\/v2\/posts\/5344"}],"collection":[{"href":"https:\/\/youngcaritas.eu\/fr\/wp-json\/wp\/v2\/posts"}],"about":[{"href":"https:\/\/youngcaritas.eu\/fr\/wp-json\/wp\/v2\/types\/post"}],"author":[{"embeddable":true,"href":"https:\/\/youngcaritas.eu\/fr\/wp-json\/wp\/v2\/users\/4"}],"replies":[{"embeddable":true,"href":"https:\/\/youngcaritas.eu\/fr\/wp-json\/wp\/v2\/comments?post=5344"}],"version-history":[{"count":0,"href":"https:\/\/youngcaritas.eu\/fr\/wp-json\/wp\/v2\/posts\/5344\/revisions"}],"wp:featuredmedia":[{"embeddable":true,"href":"https:\/\/youngcaritas.eu\/fr\/wp-json\/wp\/v2\/media\/6453"}],"wp:attachment":[{"href":"https:\/\/youngcaritas.eu\/fr\/wp-json\/wp\/v2\/media?parent=5344"}],"wp:term":[{"taxonomy":"category","embeddable":true,"href":"https:\/\/youngcaritas.eu\/fr\/wp-json\/wp\/v2\/categories?post=5344"},{"taxonomy":"post_tag","embeddable":true,"href":"https:\/\/youngcaritas.eu\/fr\/wp-json\/wp\/v2\/tags?post=5344"}],"curies":[{"name":"wp","href":"https:\/\/api.w.org\/{rel}","templated":true}]}}